{"id":70478,"date":"2026-09-06T09:00:00","date_gmt":"2026-09-06T14:00:00","guid":{"rendered":"https:\/\/praytellblog.com\/?p=70478"},"modified":"2026-04-16T21:18:51","modified_gmt":"2026-04-17T02:18:51","slug":"sacrosanctum-concilium-articulo-65","status":"publish","type":"post","link":"https:\/\/praytellblog.com\/index.php\/2026\/09\/06\/sacrosanctum-concilium-articulo-65\/","title":{"rendered":"Sacrosanctum Concilium: Art\u00edculo 65"},"content":{"rendered":"\n<p class=\"wp-block-paragraph\"><em><strong>By Michael Joncas,\u00a0<a href=\"https:\/\/praytellblog.com\/index.php\/2013\/11\/20\/re-reading-sacrosanctum-concilium-article-65\/\">post originally appeared November 20, 2013<\/a>; en espa\u00f1ol, September 6, 2026<\/strong><\/em><\/p>\n\n\n\n<p class=\"wp-block-paragraph\">[<em>Este art\u00edculo forma parte de una serie que se extender\u00e1 durante todo un a\u00f1o y que revisa el&nbsp;<\/em>Sacrosanctum Concilium<em>. Coincidiendo con los 100 a\u00f1os de renovaci\u00f3n lit\u00fargica en Estados Unidos, respondemos a la invitaci\u00f3n del Papa Le\u00f3n XIV a releer los documentos del Concilio Vaticano II con una perspectiva renovada.&nbsp;<\/em><\/p>\n\n\n\n<p class=\"wp-block-paragraph\"><em>This is part of a year-long series re-examining\u00a0<\/em>Sacrosanctum Concilium<em>.\u00a0 Coinciding with 100 years of liturgical renewal in the United States, we are responding to Pope Leo\u2019s invitation to reread the documents of Vatican II with \u2018fresh eyes.\u2019<\/em>\u00a0<strong>Find the commentary in English\u00a0<a href=\"https:\/\/praytellblog.com\/index.php\/2013\/11\/20\/re-reading-sacrosanctum-concilium-article-65\/\">here<\/a>.<\/strong>]<\/p>\n\n\n\n<p class=\"wp-block-paragraph\"><strong>Texto en lat\u00edn<\/strong><\/p>\n\n\n\n<p class=\"wp-block-paragraph\"><strong>65. In terris Missionum, praeter ea quae in traditione christiana habentur, illa etiam elementa initiationis admitti liceat, quae apud unumquemque populum in usu esse reperiuntur, quatenus ritui christiano accommodari possunt, ad normam art. 37-40 huius Constitutionis.<\/strong><\/p>\n\n\n\n<p class=\"wp-block-paragraph\">Traducci\u00f3n al espa\u00f1ol de la p\u00e1gina oficial del Vaticano:<\/p>\n\n\n\n<p class=\"wp-block-paragraph\"><em>En las misiones<\/em><\/p>\n\n\n\n<p class=\"wp-block-paragraph\"><em><a href=\"https:\/\/www.vatican.va\/archive\/hist_councils\/ii_vatican_council\/documents\/vat-ii_const_19631204_sacrosanctum-concilium_sp.html\">65<\/a>. En las misiones, adem\u00e1s de los elementos de iniciaci\u00f3n contenidos en la tradici\u00f3n cristiana, pueden admitirse tambi\u00e9n aquellos que se encuentran en uso en cada pueblo, en cuanto puedan acomodarse al rito cristiano seg\u00fan la norma de los art\u00edculos 37 al 40 de esta Constituci\u00f3n.<\/em><\/p>\n\n\n\n<p class=\"wp-block-paragraph\">Los Padres Conciliares ya se hab\u00edan declarado abiertos a la posibilidad de una adaptaci\u00f3n cultural de los ritos reformados en los art\u00edculos 37-40. El art\u00edculo 65 ofrece un ejemplo concreto de dicha inculturaci\u00f3n, mediante la cual podr\u00edan incorporarse aspectos de los ritos de iniciaci\u00f3n propios de una cultura determinada a los ritos de la Iniciaci\u00f3n Cristiana. Se contemplan tanto la inculturaci\u00f3n \u201cdesde arriba hacia abajo\u201d \u2014por la cual una conferencia episcopal territorial podr\u00eda adaptar la\u00a0<em>editio typica<\/em>\u00a0del libro lit\u00fargico reformado para su uso en las di\u00f3cesis de su territorio\u2014 como la inculturaci\u00f3n \u201cdesde abajo hacia arriba\u201d \u2014por la cual un obispo particular, o un grupo de obispos, podr\u00eda proponer iniciativas locales para ser confirmadas por la Sede Apost\u00f3lica y aplicadas en dicho territorio\u2014.<\/p>\n\n\n\n<p class=\"wp-block-paragraph\">Los lectores de\u00a0<em>Pray Tell<\/em>\u00a0podr\u00edan compartir entre s\u00ed ejemplos de la inculturaci\u00f3n de los ritos de iniciaci\u00f3n presentes en las culturas en las que ejercen su ministerio, el grado de arraigo que ha alcanzado dicha inculturaci\u00f3n y qu\u00e9 otras formas de inculturaci\u00f3n inici\u00e1tica podr\u00edan a\u00fan requerir ser consideradas.<\/p>\n\n\n\n<p class=\"wp-block-paragraph\"><strong>Michael Joncas<\/strong>, ordenado sacerdote en 1980 en la Arquidi\u00f3cesis de St. Paul-Minneapolis, Minnesota, el Padre (Jan) Michael Joncas es licenciado en Filolog\u00eda Inglesa por el (entonces) College of St. Thomas en St. Paul, Minnesota, y en Estudios Lit\u00fargicos por la Universidad de Notre Dame, Indiana, y el Pontificio Instituto Lit\u00fargico del Ateneo S. Anselmo en Roma. Ha ejercido como vicario parroquial, capell\u00e1n universitario y administrador parroquial (p\u00e1rroco). Es autor de seis libros y m\u00e1s de doscientos cincuenta art\u00edculos y rese\u00f1as en revistas como Worship, Ecclesia Orans y Questions Liturgiques. Ha compuesto y arreglado m\u00e1s de 300 piezas de m\u00fasica lit\u00fargica. Se jubil\u00f3 como profesor de los departamentos de Teolog\u00eda y Estudios Cat\u00f3licos, y como Artista Residente e Investigador en Estudios Cat\u00f3licos en la Universidad de St. Thomas, St. Paul, Minnesota.<\/p>\n","protected":false},"excerpt":{"rendered":"<p>REV. MICHAEL JONCAS \u2014 Acomp\u00e1\u00f1enos en la relectura del Concilio Sacrosanto, disponible en espa\u00f1ol e ingl\u00e9s \/ Join us in a re-reading of Sacrosanctum Concilium, available in Spanish and English!<\/p>\n","protected":false},"author":107,"featured_media":69474,"comment_status":"open","ping_status":"open","sticky":false,"template":"","format":"standard","meta":{"_jetpack_newsletter_access":"","_jetpack_dont_email_post_to_subs":false,"_jetpack_newsletter_tier_id":0,"_jetpack_memberships_contains_paywalled_content":false,"_wpcom_ai_launchpad_first_post":false,"_jetpack_feature_clip_id":0,"_jetpack_memberships_contains_paid_content":false,"footnotes":"","jetpack_post_was_ever_published":false},"categories":[4353,4412,4529],"tags":[4278,4393,4279,3627,4533],"class_list":["post-70478","post","type-post","status-publish","format-standard","has-post-thumbnail","hentry","category-en-espanol","category-lomejorde","category-relectura","tag-concilio-sacrosanto","tag-inculturacion","tag-liturgia","tag-michael-joncas-2","tag-misiones"],"yoast_head":"<!-- This site is optimized with the Yoast SEO plugin v28.4 - https:\/\/yoast.com\/product\/yoast-seo-wordpress\/ -->\n<title>Sacrosanctum Concilium: Art\u00edculo 65 - Home<\/title>\n<meta name=\"robots\" content=\"index, follow, max-snippet:-1, max-image-preview:large, max-video-preview:-1\" \/>\n<link rel=\"canonical\" href=\"https:\/\/praytellblog.com\/index.php\/2026\/09\/06\/sacrosanctum-concilium-articulo-65\/\" \/>\n<meta property=\"og:locale\" content=\"en_US\" \/>\n<meta property=\"og:type\" content=\"article\" \/>\n<meta property=\"og:title\" content=\"Sacrosanctum Concilium: Art\u00edculo 65 - Home\" \/>\n<meta property=\"og:description\" content=\"REV. MICHAEL JONCAS \u2014 Acomp\u00e1\u00f1enos en la relectura del Concilio Sacrosanto, disponible en espa\u00f1ol e ingl\u00e9s \/ Join us in a re-reading of Sacrosanctum Concilium, available in Spanish and English!\" \/>\n<meta property=\"og:url\" content=\"https:\/\/praytellblog.com\/index.php\/2026\/09\/06\/sacrosanctum-concilium-articulo-65\/\" \/>\n<meta property=\"og:site_name\" content=\"Home\" \/>\n<meta property=\"article:published_time\" content=\"2026-09-06T14:00:00+00:00\" \/>\n<meta property=\"og:image\" content=\"https:\/\/praytellblog.com\/wp-content\/uploads\/2026\/02\/IMG_2577.jpeg\" \/>\n\t<meta property=\"og:image:width\" content=\"1447\" \/>\n\t<meta property=\"og:image:height\" content=\"1441\" \/>\n\t<meta property=\"og:image:type\" content=\"image\/jpeg\" \/>\n<meta name=\"author\" content=\"praytelladmin\" \/>\n<meta name=\"twitter:card\" content=\"summary_large_image\" \/>\n<meta name=\"twitter:label1\" content=\"Written by\" \/>\n\t<meta name=\"twitter:data1\" content=\"praytelladmin\" \/>\n\t<meta name=\"twitter:label2\" content=\"Est. reading time\" \/>\n\t<meta name=\"twitter:data2\" content=\"3 minutes\" \/>\n<script type=\"application\/ld+json\" class=\"yoast-schema-graph\">{\"@context\":\"https:\\\/\\\/schema.org\",\"@graph\":[{\"@type\":\"Article\",\"@id\":\"https:\\\/\\\/praytellblog.com\\\/index.php\\\/2026\\\/09\\\/06\\\/sacrosanctum-concilium-articulo-65\\\/#article\",\"isPartOf\":{\"@id\":\"https:\\\/\\\/praytellblog.com\\\/index.php\\\/2026\\\/09\\\/06\\\/sacrosanctum-concilium-articulo-65\\\/\"},\"author\":{\"name\":\"praytelladmin\",\"@id\":\"https:\\\/\\\/praytellblog.com\\\/#\\\/schema\\\/person\\\/f168e1f21a846b10966545a5398373d6\"},\"headline\":\"Sacrosanctum Concilium: Art\u00edculo 65\",\"datePublished\":\"2026-09-06T14:00:00+00:00\",\"mainEntityOfPage\":{\"@id\":\"https:\\\/\\\/praytellblog.com\\\/index.php\\\/2026\\\/09\\\/06\\\/sacrosanctum-concilium-articulo-65\\\/\"},\"wordCount\":560,\"commentCount\":0,\"publisher\":{\"@id\":\"https:\\\/\\\/praytellblog.com\\\/#organization\"},\"image\":{\"@id\":\"https:\\\/\\\/praytellblog.com\\\/index.php\\\/2026\\\/09\\\/06\\\/sacrosanctum-concilium-articulo-65\\\/#primaryimage\"},\"thumbnailUrl\":\"https:\\\/\\\/praytellblog.com\\\/wp-content\\\/uploads\\\/2026\\\/02\\\/IMG_2577.jpeg\",\"keywords\":[\"Concilio Sacrosanto\",\"Inculturaci\u00f3n\",\"Liturgia\",\"Michael Joncas\",\"Misiones\"],\"articleSection\":[\"En Espa\u00f1ol\",\"Lo Mejor De PrayTell\",\"Relectura\"],\"inLanguage\":\"en-US\",\"potentialAction\":[{\"@type\":\"CommentAction\",\"name\":\"Comment\",\"target\":[\"https:\\\/\\\/praytellblog.com\\\/index.php\\\/2026\\\/09\\\/06\\\/sacrosanctum-concilium-articulo-65\\\/#respond\"]}]},{\"@type\":\"WebPage\",\"@id\":\"https:\\\/\\\/praytellblog.com\\\/index.php\\\/2026\\\/09\\\/06\\\/sacrosanctum-concilium-articulo-65\\\/\",\"url\":\"https:\\\/\\\/praytellblog.com\\\/index.php\\\/2026\\\/09\\\/06\\\/sacrosanctum-concilium-articulo-65\\\/\",\"name\":\"Sacrosanctum Concilium: Art\u00edculo 65 - Home\",\"isPartOf\":{\"@id\":\"https:\\\/\\\/praytellblog.com\\\/#website\"},\"primaryImageOfPage\":{\"@id\":\"https:\\\/\\\/praytellblog.com\\\/index.php\\\/2026\\\/09\\\/06\\\/sacrosanctum-concilium-articulo-65\\\/#primaryimage\"},\"image\":{\"@id\":\"https:\\\/\\\/praytellblog.com\\\/index.php\\\/2026\\\/09\\\/06\\\/sacrosanctum-concilium-articulo-65\\\/#primaryimage\"},\"thumbnailUrl\":\"https:\\\/\\\/praytellblog.com\\\/wp-content\\\/uploads\\\/2026\\\/02\\\/IMG_2577.jpeg\",\"datePublished\":\"2026-09-06T14:00:00+00:00\",\"breadcrumb\":{\"@id\":\"https:\\\/\\\/praytellblog.com\\\/index.php\\\/2026\\\/09\\\/06\\\/sacrosanctum-concilium-articulo-65\\\/#breadcrumb\"},\"inLanguage\":\"en-US\",\"potentialAction\":[{\"@type\":\"ReadAction\",\"target\":[\"https:\\\/\\\/praytellblog.com\\\/index.php\\\/2026\\\/09\\\/06\\\/sacrosanctum-concilium-articulo-65\\\/\"]}]},{\"@type\":\"ImageObject\",\"inLanguage\":\"en-US\",\"@id\":\"https:\\\/\\\/praytellblog.com\\\/index.php\\\/2026\\\/09\\\/06\\\/sacrosanctum-concilium-articulo-65\\\/#primaryimage\",\"url\":\"https:\\\/\\\/praytellblog.com\\\/wp-content\\\/uploads\\\/2026\\\/02\\\/IMG_2577.jpeg\",\"contentUrl\":\"https:\\\/\\\/praytellblog.com\\\/wp-content\\\/uploads\\\/2026\\\/02\\\/IMG_2577.jpeg\",\"width\":1447,\"height\":1441},{\"@type\":\"BreadcrumbList\",\"@id\":\"https:\\\/\\\/praytellblog.com\\\/index.php\\\/2026\\\/09\\\/06\\\/sacrosanctum-concilium-articulo-65\\\/#breadcrumb\",\"itemListElement\":[{\"@type\":\"ListItem\",\"position\":1,\"name\":\"Home\",\"item\":\"https:\\\/\\\/praytellblog.com\\\/\"},{\"@type\":\"ListItem\",\"position\":2,\"name\":\"Sacrosanctum Concilium: Art\u00edculo 65\"}]},{\"@type\":\"WebSite\",\"@id\":\"https:\\\/\\\/praytellblog.com\\\/#website\",\"url\":\"https:\\\/\\\/praytellblog.com\\\/\",\"name\":\"Home\",\"description\":\"Worship, Wit &amp; Wisdom\",\"publisher\":{\"@id\":\"https:\\\/\\\/praytellblog.com\\\/#organization\"},\"potentialAction\":[{\"@type\":\"SearchAction\",\"target\":{\"@type\":\"EntryPoint\",\"urlTemplate\":\"https:\\\/\\\/praytellblog.com\\\/?s={search_term_string}\"},\"query-input\":{\"@type\":\"PropertyValueSpecification\",\"valueRequired\":true,\"valueName\":\"search_term_string\"}}],\"inLanguage\":\"en-US\"},{\"@type\":\"Organization\",\"@id\":\"https:\\\/\\\/praytellblog.com\\\/#organization\",\"name\":\"Home\",\"url\":\"https:\\\/\\\/praytellblog.com\\\/\",\"logo\":{\"@type\":\"ImageObject\",\"inLanguage\":\"en-US\",\"@id\":\"https:\\\/\\\/praytellblog.com\\\/#\\\/schema\\\/logo\\\/image\\\/\",\"url\":\"https:\\\/\\\/praytellblog.com\\\/wp-content\\\/uploads\\\/2023\\\/09\\\/cropped-BlogHeaderFinal2.jpg\",\"contentUrl\":\"https:\\\/\\\/praytellblog.com\\\/wp-content\\\/uploads\\\/2023\\\/09\\\/cropped-BlogHeaderFinal2.jpg\",\"width\":1340,\"height\":209,\"caption\":\"Home\"},\"image\":{\"@id\":\"https:\\\/\\\/praytellblog.com\\\/#\\\/schema\\\/logo\\\/image\\\/\"}},{\"@type\":\"Person\",\"@id\":\"https:\\\/\\\/praytellblog.com\\\/#\\\/schema\\\/person\\\/f168e1f21a846b10966545a5398373d6\",\"name\":\"praytelladmin\",\"url\":\"https:\\\/\\\/praytellblog.com\\\/index.php\\\/author\\\/praytelladmin\\\/\"}]}<\/script>\n<!-- \/ Yoast SEO plugin. -->","yoast_head_json":{"title":"Sacrosanctum Concilium: Art\u00edculo 65 - Home","robots":{"index":"index","follow":"follow","max-snippet":"max-snippet:-1","max-image-preview":"max-image-preview:large","max-video-preview":"max-video-preview:-1"},"canonical":"https:\/\/praytellblog.com\/index.php\/2026\/09\/06\/sacrosanctum-concilium-articulo-65\/","og_locale":"en_US","og_type":"article","og_title":"Sacrosanctum Concilium: Art\u00edculo 65 - Home","og_description":"REV. MICHAEL JONCAS \u2014 Acomp\u00e1\u00f1enos en la relectura del Concilio Sacrosanto, disponible en espa\u00f1ol e ingl\u00e9s \/ Join us in a re-reading of Sacrosanctum Concilium, available in Spanish and English!","og_url":"https:\/\/praytellblog.com\/index.php\/2026\/09\/06\/sacrosanctum-concilium-articulo-65\/","og_site_name":"Home","article_published_time":"2026-09-06T14:00:00+00:00","og_image":[{"width":1447,"height":1441,"url":"https:\/\/praytellblog.com\/wp-content\/uploads\/2026\/02\/IMG_2577.jpeg","type":"image\/jpeg"}],"author":"praytelladmin","twitter_card":"summary_large_image","twitter_misc":{"Written by":"praytelladmin","Est. reading time":"3 minutes"},"schema":{"@context":"https:\/\/schema.org","@graph":[{"@type":"Article","@id":"https:\/\/praytellblog.com\/index.php\/2026\/09\/06\/sacrosanctum-concilium-articulo-65\/#article","isPartOf":{"@id":"https:\/\/praytellblog.com\/index.php\/2026\/09\/06\/sacrosanctum-concilium-articulo-65\/"},"author":{"name":"praytelladmin","@id":"https:\/\/praytellblog.com\/#\/schema\/person\/f168e1f21a846b10966545a5398373d6"},"headline":"Sacrosanctum Concilium: Art\u00edculo 65","datePublished":"2026-09-06T14:00:00+00:00","mainEntityOfPage":{"@id":"https:\/\/praytellblog.com\/index.php\/2026\/09\/06\/sacrosanctum-concilium-articulo-65\/"},"wordCount":560,"commentCount":0,"publisher":{"@id":"https:\/\/praytellblog.com\/#organization"},"image":{"@id":"https:\/\/praytellblog.com\/index.php\/2026\/09\/06\/sacrosanctum-concilium-articulo-65\/#primaryimage"},"thumbnailUrl":"https:\/\/praytellblog.com\/wp-content\/uploads\/2026\/02\/IMG_2577.jpeg","keywords":["Concilio Sacrosanto","Inculturaci\u00f3n","Liturgia","Michael Joncas","Misiones"],"articleSection":["En Espa\u00f1ol","Lo Mejor De PrayTell","Relectura"],"inLanguage":"en-US","potentialAction":[{"@type":"CommentAction","name":"Comment","target":["https:\/\/praytellblog.com\/index.php\/2026\/09\/06\/sacrosanctum-concilium-articulo-65\/#respond"]}]},{"@type":"WebPage","@id":"https:\/\/praytellblog.com\/index.php\/2026\/09\/06\/sacrosanctum-concilium-articulo-65\/","url":"https:\/\/praytellblog.com\/index.php\/2026\/09\/06\/sacrosanctum-concilium-articulo-65\/","name":"Sacrosanctum Concilium: Art\u00edculo 65 - Home","isPartOf":{"@id":"https:\/\/praytellblog.com\/#website"},"primaryImageOfPage":{"@id":"https:\/\/praytellblog.com\/index.php\/2026\/09\/06\/sacrosanctum-concilium-articulo-65\/#primaryimage"},"image":{"@id":"https:\/\/praytellblog.com\/index.php\/2026\/09\/06\/sacrosanctum-concilium-articulo-65\/#primaryimage"},"thumbnailUrl":"https:\/\/praytellblog.com\/wp-content\/uploads\/2026\/02\/IMG_2577.jpeg","datePublished":"2026-09-06T14:00:00+00:00","breadcrumb":{"@id":"https:\/\/praytellblog.com\/index.php\/2026\/09\/06\/sacrosanctum-concilium-articulo-65\/#breadcrumb"},"inLanguage":"en-US","potentialAction":[{"@type":"ReadAction","target":["https:\/\/praytellblog.com\/index.php\/2026\/09\/06\/sacrosanctum-concilium-articulo-65\/"]}]},{"@type":"ImageObject","inLanguage":"en-US","@id":"https:\/\/praytellblog.com\/index.php\/2026\/09\/06\/sacrosanctum-concilium-articulo-65\/#primaryimage","url":"https:\/\/praytellblog.com\/wp-content\/uploads\/2026\/02\/IMG_2577.jpeg","contentUrl":"https:\/\/praytellblog.com\/wp-content\/uploads\/2026\/02\/IMG_2577.jpeg","width":1447,"height":1441},{"@type":"BreadcrumbList","@id":"https:\/\/praytellblog.com\/index.php\/2026\/09\/06\/sacrosanctum-concilium-articulo-65\/#breadcrumb","itemListElement":[{"@type":"ListItem","position":1,"name":"Home","item":"https:\/\/praytellblog.com\/"},{"@type":"ListItem","position":2,"name":"Sacrosanctum Concilium: Art\u00edculo 65"}]},{"@type":"WebSite","@id":"https:\/\/praytellblog.com\/#website","url":"https:\/\/praytellblog.com\/","name":"Home","description":"Worship, Wit &amp; Wisdom","publisher":{"@id":"https:\/\/praytellblog.com\/#organization"},"potentialAction":[{"@type":"SearchAction","target":{"@type":"EntryPoint","urlTemplate":"https:\/\/praytellblog.com\/?s={search_term_string}"},"query-input":{"@type":"PropertyValueSpecification","valueRequired":true,"valueName":"search_term_string"}}],"inLanguage":"en-US"},{"@type":"Organization","@id":"https:\/\/praytellblog.com\/#organization","name":"Home","url":"https:\/\/praytellblog.com\/","logo":{"@type":"ImageObject","inLanguage":"en-US","@id":"https:\/\/praytellblog.com\/#\/schema\/logo\/image\/","url":"https:\/\/praytellblog.com\/wp-content\/uploads\/2023\/09\/cropped-BlogHeaderFinal2.jpg","contentUrl":"https:\/\/praytellblog.com\/wp-content\/uploads\/2023\/09\/cropped-BlogHeaderFinal2.jpg","width":1340,"height":209,"caption":"Home"},"image":{"@id":"https:\/\/praytellblog.com\/#\/schema\/logo\/image\/"}},{"@type":"Person","@id":"https:\/\/praytellblog.com\/#\/schema\/person\/f168e1f21a846b10966545a5398373d6","name":"praytelladmin","url":"https:\/\/praytellblog.com\/index.php\/author\/praytelladmin\/"}]}},"jetpack_sharing_enabled":true,"jetpack_likes_enabled":true,"jetpack_featured_media_url":"https:\/\/praytellblog.com\/wp-content\/uploads\/2026\/02\/IMG_2577.jpeg","_links":{"self":[{"href":"https:\/\/praytellblog.com\/index.php\/wp-json\/wp\/v2\/posts\/70478","targetHints":{"allow":["GET"]}}],"collection":[{"href":"https:\/\/praytellblog.com\/index.php\/wp-json\/wp\/v2\/posts"}],"about":[{"href":"https:\/\/praytellblog.com\/index.php\/wp-json\/wp\/v2\/types\/post"}],"author":[{"embeddable":true,"href":"https:\/\/praytellblog.com\/index.php\/wp-json\/wp\/v2\/users\/107"}],"replies":[{"embeddable":true,"href":"https:\/\/praytellblog.com\/index.php\/wp-json\/wp\/v2\/comments?post=70478"}],"version-history":[{"count":4,"href":"https:\/\/praytellblog.com\/index.php\/wp-json\/wp\/v2\/posts\/70478\/revisions"}],"predecessor-version":[{"id":70483,"href":"https:\/\/praytellblog.com\/index.php\/wp-json\/wp\/v2\/posts\/70478\/revisions\/70483"}],"wp:featuredmedia":[{"embeddable":true,"href":"https:\/\/praytellblog.com\/index.php\/wp-json\/wp\/v2\/media\/69474"}],"wp:attachment":[{"href":"https:\/\/praytellblog.com\/index.php\/wp-json\/wp\/v2\/media?parent=70478"}],"wp:term":[{"taxonomy":"category","embeddable":true,"href":"https:\/\/praytellblog.com\/index.php\/wp-json\/wp\/v2\/categories?post=70478"},{"taxonomy":"post_tag","embeddable":true,"href":"https:\/\/praytellblog.com\/index.php\/wp-json\/wp\/v2\/tags?post=70478"}],"curies":[{"name":"wp","href":"https:\/\/api.w.org\/{rel}","templated":true}]}}