{"id":70470,"date":"2026-08-30T09:00:00","date_gmt":"2026-08-30T14:00:00","guid":{"rendered":"https:\/\/praytellblog.com\/?p=70470"},"modified":"2026-05-16T15:31:53","modified_gmt":"2026-05-16T20:31:53","slug":"sacrosanctum-concilium-articulo-63","status":"publish","type":"post","link":"https:\/\/praytellblog.com\/index.php\/2026\/08\/30\/sacrosanctum-concilium-articulo-63\/","title":{"rendered":"Sacrosanctum Concilium: Art\u00edculo 63"},"content":{"rendered":"\n<p class=\"wp-block-paragraph\"><em><strong>By Michael Joncas,\u00a0<a href=\"https:\/\/praytellblog.com\/index.php\/2013\/11\/04\/re-reading-sacrosanctum-concilium-article-63\/\">post originally appeared November 4, 2013<\/a>; en espa\u00f1ol, August 30, 2026<\/strong><\/em><\/p>\n\n\n\n<p class=\"wp-block-paragraph\">[<em>Este art\u00edculo forma parte de una serie que se extender\u00e1 durante todo un a\u00f1o y que revisa el&nbsp;<\/em>Sacrosanctum Concilium<em>. Coincidiendo con los 100 a\u00f1os de renovaci\u00f3n lit\u00fargica en Estados Unidos, respondemos a la invitaci\u00f3n del Papa Le\u00f3n XIV a releer los documentos del Concilio Vaticano II con una perspectiva renovada.&nbsp;<\/em><\/p>\n\n\n\n<p class=\"wp-block-paragraph\"><em>This is part of a year-long series re-examining\u00a0<\/em>Sacrosanctum Concilium<em>.\u00a0 Coinciding with 100 years of liturgical renewal in the United States, we are responding to Pope Leo\u2019s invitation to reread the documents of Vatican II with \u2018fresh eyes.\u2019<\/em>\u00a0<strong>Find the commentary in English\u00a0<a href=\"https:\/\/praytellblog.com\/index.php\/2013\/11\/04\/re-reading-sacrosanctum-concilium-article-63\/\">here<\/a>.<\/strong>]<\/p>\n\n\n\n<p class=\"wp-block-paragraph\"><strong>Texto en lat\u00edn<\/strong><\/p>\n\n\n\n<p class=\"wp-block-paragraph\"><strong>63. Cum haud raro in administratione Sacramentorum et Sacramentalium valde utilis esse possit apud populum linguae vernaculae usurpatio, amplior locus huic tribuatur, iuxta normas quae sequuntur:<\/strong><br><strong>a) In administratione Sacramentorum et Sacramentalium lingua vernacula adhiberi potest ad normam art. 36;<\/strong><br><strong>b) Iuxta novam Ritualis romani editionem, Ritualia particularia, singularum regionum necessitatibus, etiam quoad linguam, accommodata, a competenti ecclesiastica auctoritate territoriali de qua in art. 22 \u00a7 2 huius Constitutionis quam primum parentur, et, actis ab Apostolica Sede recognitis, in regionibus ad quas pertinet adhibeantur. In iis autem Ritualibus vel peculiaribus Collectionibus rituum conficiendis, ne omittantur instructiones, in Rituali romano singulis ritibus praepositae, sive pastorales et rubricales, sive quae peculiare momentum sociale habent.<\/strong><\/p>\n\n\n\n<p class=\"wp-block-paragraph\">Traducci\u00f3n al espa\u00f1ol de la p\u00e1gina oficial del Vaticano:<\/p>\n\n\n\n<p class=\"wp-block-paragraph\"><em>Mayor cabida a la lengua vern\u00e1cula<\/em><\/p>\n\n\n\n<p class=\"wp-block-paragraph\"><a href=\"https:\/\/www.vatican.va\/archive\/hist_councils\/ii_vatican_council\/documents\/vat-ii_const_19631204_sacrosanctum-concilium_sp.html\"><em>63<\/em><\/a><em>. Como ciertamente el uso de la lengua vern\u00e1cula puede ser muy \u00fatil para el pueblo en la administraci\u00f3n de los sacramentos y de los sacramentales, debe d\u00e1rsele mayor cabida, conforme a las normas siguientes:<br>a)&nbsp;En la administraci\u00f3n de los sacramentos y sacramentales se puede usar la lengua vern\u00e1cula a tenor del art\u00edculo 36.<br>b)&nbsp;Las competentes autoridades eclesi\u00e1sticas territoriales, de que se habla en el art\u00edculo 22, p\u00e1rrafo 2, de esta Constituci\u00f3n, preparen cuanto antes, de acuerdo con la nueva edici\u00f3n del Ritual romano, rituales particulares acomodados a las necesidades de cada regi\u00f3n; tambi\u00e9n en cuanto a la lengua y una vez aceptados por la Sede Apost\u00f3lica, empl\u00e9ense en las correspondientes regiones. En la redacci\u00f3n de estos rituales o particulares colecciones de ritos no se omitan las instrucciones que, en el Ritual romano, preceden a cada rito, tanto las pastorales y de r\u00fabrica como las que encierran una especial importancia comunitaria<\/em>.<\/p>\n\n\n\n<p class=\"wp-block-paragraph\">Tras la autorizaci\u00f3n general para ampliar el uso de las lenguas vern\u00e1culas en el culto cat\u00f3lico romano, establecida en SC 36, ya hemos observado su aplicaci\u00f3n a la celebraci\u00f3n de la Misa en SC 54. En este punto, los Padres Conciliares extienden el uso de la lengua vern\u00e1cula a la administraci\u00f3n de los dem\u00e1s sacramentos y sacramentales. Al igual que en SC 36, la responsabilidad de supervisar las ediciones vern\u00e1culas de los libros rituales para la celebraci\u00f3n de los sacramentos y sacramentales se conf\u00eda a las conferencias episcopales territoriales. Por su parte, la Sede Apost\u00f3lica se asegura de que se sigan adecuadamente los procesos mediante los cuales dichos rituales se elaboran y se decretan como normativos. <\/p>\n\n\n\n<p class=\"wp-block-paragraph\">Resulta interesante comparar la frase paralela de SC 36 \u00a73 (\u201c<em>actis ab Apostolica Sede probatis seu confimatis<\/em>\u201d \/ \u201cactos aprobados \/ confirmados por la Sede Apost\u00f3lica\u201d) con la frase presente en este pasaje (\u201c<em>actis ab Apostolica Sede recognitis<\/em>\u201d \/ \u201cactos revisados \u200b\u200b\/ examinados por la Sede Apost\u00f3lica\u201d). <\/p>\n\n\n\n<p class=\"wp-block-paragraph\">Los lectores de\u00a0<em>Pray Tell<\/em>\u00a0tal vez deseen explorar c\u00f3mo el t\u00e9rmino \u201c<em>recognitio<\/em>\u201d\u00a0ha evolucionado en la pr\u00e1ctica a lo largo de los \u00faltimos a\u00f1os, pasando de significar una &#8220;revisi\u00f3n&#8221; del trabajo de las conferencias episcopales territoriales para constituir una \u201caprobaci\u00f3n\u201d de dicho trabajo.<\/p>\n\n\n\n<p class=\"wp-block-paragraph\"><strong>Michael Joncas<\/strong>, ordenado sacerdote en 1980 en la Arquidi\u00f3cesis de St. Paul-Minneapolis, Minnesota, el Padre (Jan) Michael Joncas es licenciado en Filolog\u00eda Inglesa por el (entonces) College of St. Thomas en St. Paul, Minnesota, y en Estudios Lit\u00fargicos por la Universidad de Notre Dame, Indiana, y el Pontificio Instituto Lit\u00fargico del Ateneo S. Anselmo en Roma. Ha ejercido como vicario parroquial, capell\u00e1n universitario y administrador parroquial (p\u00e1rroco). Es autor de seis libros y m\u00e1s de doscientos cincuenta art\u00edculos y rese\u00f1as en revistas como Worship, Ecclesia Orans y Questions Liturgiques. Ha compuesto y arreglado m\u00e1s de 300 piezas de m\u00fasica lit\u00fargica. Se jubil\u00f3 como profesor de los departamentos de Teolog\u00eda y Estudios Cat\u00f3licos, y como Artista Residente e Investigador en Estudios Cat\u00f3licos en la Universidad de St. Thomas, St. Paul, Minnesota.<\/p>\n","protected":false},"excerpt":{"rendered":"<p>REV. MICHAEL JONCAS \u2014 Acomp\u00e1\u00f1enos en la relectura del Concilio Sacrosanto, disponible en espa\u00f1ol e ingl\u00e9s \/ Join us in a re-reading of Sacrosanctum Concilium, available in Spanish and English!<\/p>\n","protected":false},"author":107,"featured_media":69474,"comment_status":"open","ping_status":"open","sticky":false,"template":"","format":"standard","meta":{"_jetpack_newsletter_access":"","_jetpack_dont_email_post_to_subs":false,"_jetpack_newsletter_tier_id":0,"_jetpack_memberships_contains_paywalled_content":false,"_wpcom_ai_launchpad_first_post":false,"_jetpack_feature_clip_id":0,"_jetpack_memberships_contains_paid_content":false,"footnotes":"","jetpack_post_was_ever_published":false},"categories":[4353,4412,4529],"tags":[4278,4433,4279,3627,4521,4332],"class_list":["post-70470","post","type-post","status-publish","format-standard","has-post-thumbnail","hentry","category-en-espanol","category-lomejorde","category-relectura","tag-concilio-sacrosanto","tag-lengua-vernacula","tag-liturgia","tag-michael-joncas-2","tag-sacramentales","tag-sacramentos"],"yoast_head":"<!-- This site is optimized with the Yoast SEO plugin v28.3 - https:\/\/yoast.com\/product\/yoast-seo-wordpress\/ -->\n<title>Sacrosanctum Concilium: Art\u00edculo 63 - Home<\/title>\n<meta name=\"robots\" content=\"index, follow, max-snippet:-1, max-image-preview:large, max-video-preview:-1\" \/>\n<link rel=\"canonical\" href=\"https:\/\/praytellblog.com\/index.php\/2026\/08\/30\/sacrosanctum-concilium-articulo-63\/\" \/>\n<meta property=\"og:locale\" content=\"en_US\" \/>\n<meta property=\"og:type\" content=\"article\" \/>\n<meta property=\"og:title\" content=\"Sacrosanctum Concilium: Art\u00edculo 63 - Home\" \/>\n<meta property=\"og:description\" content=\"REV. MICHAEL JONCAS \u2014 Acomp\u00e1\u00f1enos en la relectura del Concilio Sacrosanto, disponible en espa\u00f1ol e ingl\u00e9s \/ Join us in a re-reading of Sacrosanctum Concilium, available in Spanish and English!\" \/>\n<meta property=\"og:url\" content=\"https:\/\/praytellblog.com\/index.php\/2026\/08\/30\/sacrosanctum-concilium-articulo-63\/\" \/>\n<meta property=\"og:site_name\" content=\"Home\" \/>\n<meta property=\"article:published_time\" content=\"2026-08-30T14:00:00+00:00\" \/>\n<meta property=\"og:image\" content=\"https:\/\/praytellblog.com\/wp-content\/uploads\/2026\/02\/IMG_2577.jpeg\" \/>\n\t<meta property=\"og:image:width\" content=\"1447\" \/>\n\t<meta property=\"og:image:height\" content=\"1441\" \/>\n\t<meta property=\"og:image:type\" content=\"image\/jpeg\" \/>\n<meta name=\"author\" content=\"praytelladmin\" \/>\n<meta name=\"twitter:card\" content=\"summary_large_image\" \/>\n<meta name=\"twitter:label1\" content=\"Written by\" \/>\n\t<meta name=\"twitter:data1\" content=\"praytelladmin\" \/>\n\t<meta name=\"twitter:label2\" content=\"Est. reading time\" \/>\n\t<meta name=\"twitter:data2\" content=\"4 minutes\" \/>\n<script type=\"application\/ld+json\" class=\"yoast-schema-graph\">{\"@context\":\"https:\\\/\\\/schema.org\",\"@graph\":[{\"@type\":\"Article\",\"@id\":\"https:\\\/\\\/praytellblog.com\\\/index.php\\\/2026\\\/08\\\/30\\\/sacrosanctum-concilium-articulo-63\\\/#article\",\"isPartOf\":{\"@id\":\"https:\\\/\\\/praytellblog.com\\\/index.php\\\/2026\\\/08\\\/30\\\/sacrosanctum-concilium-articulo-63\\\/\"},\"author\":{\"name\":\"praytelladmin\",\"@id\":\"https:\\\/\\\/praytellblog.com\\\/#\\\/schema\\\/person\\\/f168e1f21a846b10966545a5398373d6\"},\"headline\":\"Sacrosanctum Concilium: Art\u00edculo 63\",\"datePublished\":\"2026-08-30T14:00:00+00:00\",\"mainEntityOfPage\":{\"@id\":\"https:\\\/\\\/praytellblog.com\\\/index.php\\\/2026\\\/08\\\/30\\\/sacrosanctum-concilium-articulo-63\\\/\"},\"wordCount\":777,\"commentCount\":0,\"publisher\":{\"@id\":\"https:\\\/\\\/praytellblog.com\\\/#organization\"},\"image\":{\"@id\":\"https:\\\/\\\/praytellblog.com\\\/index.php\\\/2026\\\/08\\\/30\\\/sacrosanctum-concilium-articulo-63\\\/#primaryimage\"},\"thumbnailUrl\":\"https:\\\/\\\/praytellblog.com\\\/wp-content\\\/uploads\\\/2026\\\/02\\\/IMG_2577.jpeg\",\"keywords\":[\"Concilio Sacrosanto\",\"Lengua Vern\u00e1cula\",\"Liturgia\",\"Michael Joncas\",\"Sacramentales\",\"Sacramentos\"],\"articleSection\":[\"En Espa\u00f1ol\",\"Lo Mejor De PrayTell\",\"Relectura\"],\"inLanguage\":\"en-US\",\"potentialAction\":[{\"@type\":\"CommentAction\",\"name\":\"Comment\",\"target\":[\"https:\\\/\\\/praytellblog.com\\\/index.php\\\/2026\\\/08\\\/30\\\/sacrosanctum-concilium-articulo-63\\\/#respond\"]}]},{\"@type\":\"WebPage\",\"@id\":\"https:\\\/\\\/praytellblog.com\\\/index.php\\\/2026\\\/08\\\/30\\\/sacrosanctum-concilium-articulo-63\\\/\",\"url\":\"https:\\\/\\\/praytellblog.com\\\/index.php\\\/2026\\\/08\\\/30\\\/sacrosanctum-concilium-articulo-63\\\/\",\"name\":\"Sacrosanctum Concilium: Art\u00edculo 63 - Home\",\"isPartOf\":{\"@id\":\"https:\\\/\\\/praytellblog.com\\\/#website\"},\"primaryImageOfPage\":{\"@id\":\"https:\\\/\\\/praytellblog.com\\\/index.php\\\/2026\\\/08\\\/30\\\/sacrosanctum-concilium-articulo-63\\\/#primaryimage\"},\"image\":{\"@id\":\"https:\\\/\\\/praytellblog.com\\\/index.php\\\/2026\\\/08\\\/30\\\/sacrosanctum-concilium-articulo-63\\\/#primaryimage\"},\"thumbnailUrl\":\"https:\\\/\\\/praytellblog.com\\\/wp-content\\\/uploads\\\/2026\\\/02\\\/IMG_2577.jpeg\",\"datePublished\":\"2026-08-30T14:00:00+00:00\",\"breadcrumb\":{\"@id\":\"https:\\\/\\\/praytellblog.com\\\/index.php\\\/2026\\\/08\\\/30\\\/sacrosanctum-concilium-articulo-63\\\/#breadcrumb\"},\"inLanguage\":\"en-US\",\"potentialAction\":[{\"@type\":\"ReadAction\",\"target\":[\"https:\\\/\\\/praytellblog.com\\\/index.php\\\/2026\\\/08\\\/30\\\/sacrosanctum-concilium-articulo-63\\\/\"]}]},{\"@type\":\"ImageObject\",\"inLanguage\":\"en-US\",\"@id\":\"https:\\\/\\\/praytellblog.com\\\/index.php\\\/2026\\\/08\\\/30\\\/sacrosanctum-concilium-articulo-63\\\/#primaryimage\",\"url\":\"https:\\\/\\\/praytellblog.com\\\/wp-content\\\/uploads\\\/2026\\\/02\\\/IMG_2577.jpeg\",\"contentUrl\":\"https:\\\/\\\/praytellblog.com\\\/wp-content\\\/uploads\\\/2026\\\/02\\\/IMG_2577.jpeg\",\"width\":1447,\"height\":1441},{\"@type\":\"BreadcrumbList\",\"@id\":\"https:\\\/\\\/praytellblog.com\\\/index.php\\\/2026\\\/08\\\/30\\\/sacrosanctum-concilium-articulo-63\\\/#breadcrumb\",\"itemListElement\":[{\"@type\":\"ListItem\",\"position\":1,\"name\":\"Home\",\"item\":\"https:\\\/\\\/praytellblog.com\\\/\"},{\"@type\":\"ListItem\",\"position\":2,\"name\":\"Sacrosanctum Concilium: Art\u00edculo 63\"}]},{\"@type\":\"WebSite\",\"@id\":\"https:\\\/\\\/praytellblog.com\\\/#website\",\"url\":\"https:\\\/\\\/praytellblog.com\\\/\",\"name\":\"Home\",\"description\":\"Worship, Wit &amp; Wisdom\",\"publisher\":{\"@id\":\"https:\\\/\\\/praytellblog.com\\\/#organization\"},\"potentialAction\":[{\"@type\":\"SearchAction\",\"target\":{\"@type\":\"EntryPoint\",\"urlTemplate\":\"https:\\\/\\\/praytellblog.com\\\/?s={search_term_string}\"},\"query-input\":{\"@type\":\"PropertyValueSpecification\",\"valueRequired\":true,\"valueName\":\"search_term_string\"}}],\"inLanguage\":\"en-US\"},{\"@type\":\"Organization\",\"@id\":\"https:\\\/\\\/praytellblog.com\\\/#organization\",\"name\":\"Home\",\"url\":\"https:\\\/\\\/praytellblog.com\\\/\",\"logo\":{\"@type\":\"ImageObject\",\"inLanguage\":\"en-US\",\"@id\":\"https:\\\/\\\/praytellblog.com\\\/#\\\/schema\\\/logo\\\/image\\\/\",\"url\":\"https:\\\/\\\/praytellblog.com\\\/wp-content\\\/uploads\\\/2023\\\/09\\\/cropped-BlogHeaderFinal2.jpg\",\"contentUrl\":\"https:\\\/\\\/praytellblog.com\\\/wp-content\\\/uploads\\\/2023\\\/09\\\/cropped-BlogHeaderFinal2.jpg\",\"width\":1340,\"height\":209,\"caption\":\"Home\"},\"image\":{\"@id\":\"https:\\\/\\\/praytellblog.com\\\/#\\\/schema\\\/logo\\\/image\\\/\"}},{\"@type\":\"Person\",\"@id\":\"https:\\\/\\\/praytellblog.com\\\/#\\\/schema\\\/person\\\/f168e1f21a846b10966545a5398373d6\",\"name\":\"praytelladmin\",\"url\":\"https:\\\/\\\/praytellblog.com\\\/index.php\\\/author\\\/praytelladmin\\\/\"}]}<\/script>\n<!-- \/ Yoast SEO plugin. -->","yoast_head_json":{"title":"Sacrosanctum Concilium: Art\u00edculo 63 - Home","robots":{"index":"index","follow":"follow","max-snippet":"max-snippet:-1","max-image-preview":"max-image-preview:large","max-video-preview":"max-video-preview:-1"},"canonical":"https:\/\/praytellblog.com\/index.php\/2026\/08\/30\/sacrosanctum-concilium-articulo-63\/","og_locale":"en_US","og_type":"article","og_title":"Sacrosanctum Concilium: Art\u00edculo 63 - Home","og_description":"REV. MICHAEL JONCAS \u2014 Acomp\u00e1\u00f1enos en la relectura del Concilio Sacrosanto, disponible en espa\u00f1ol e ingl\u00e9s \/ Join us in a re-reading of Sacrosanctum Concilium, available in Spanish and English!","og_url":"https:\/\/praytellblog.com\/index.php\/2026\/08\/30\/sacrosanctum-concilium-articulo-63\/","og_site_name":"Home","article_published_time":"2026-08-30T14:00:00+00:00","og_image":[{"width":1447,"height":1441,"url":"https:\/\/praytellblog.com\/wp-content\/uploads\/2026\/02\/IMG_2577.jpeg","type":"image\/jpeg"}],"author":"praytelladmin","twitter_card":"summary_large_image","twitter_misc":{"Written by":"praytelladmin","Est. reading time":"4 minutes"},"schema":{"@context":"https:\/\/schema.org","@graph":[{"@type":"Article","@id":"https:\/\/praytellblog.com\/index.php\/2026\/08\/30\/sacrosanctum-concilium-articulo-63\/#article","isPartOf":{"@id":"https:\/\/praytellblog.com\/index.php\/2026\/08\/30\/sacrosanctum-concilium-articulo-63\/"},"author":{"name":"praytelladmin","@id":"https:\/\/praytellblog.com\/#\/schema\/person\/f168e1f21a846b10966545a5398373d6"},"headline":"Sacrosanctum Concilium: Art\u00edculo 63","datePublished":"2026-08-30T14:00:00+00:00","mainEntityOfPage":{"@id":"https:\/\/praytellblog.com\/index.php\/2026\/08\/30\/sacrosanctum-concilium-articulo-63\/"},"wordCount":777,"commentCount":0,"publisher":{"@id":"https:\/\/praytellblog.com\/#organization"},"image":{"@id":"https:\/\/praytellblog.com\/index.php\/2026\/08\/30\/sacrosanctum-concilium-articulo-63\/#primaryimage"},"thumbnailUrl":"https:\/\/praytellblog.com\/wp-content\/uploads\/2026\/02\/IMG_2577.jpeg","keywords":["Concilio Sacrosanto","Lengua Vern\u00e1cula","Liturgia","Michael Joncas","Sacramentales","Sacramentos"],"articleSection":["En Espa\u00f1ol","Lo Mejor De PrayTell","Relectura"],"inLanguage":"en-US","potentialAction":[{"@type":"CommentAction","name":"Comment","target":["https:\/\/praytellblog.com\/index.php\/2026\/08\/30\/sacrosanctum-concilium-articulo-63\/#respond"]}]},{"@type":"WebPage","@id":"https:\/\/praytellblog.com\/index.php\/2026\/08\/30\/sacrosanctum-concilium-articulo-63\/","url":"https:\/\/praytellblog.com\/index.php\/2026\/08\/30\/sacrosanctum-concilium-articulo-63\/","name":"Sacrosanctum Concilium: Art\u00edculo 63 - Home","isPartOf":{"@id":"https:\/\/praytellblog.com\/#website"},"primaryImageOfPage":{"@id":"https:\/\/praytellblog.com\/index.php\/2026\/08\/30\/sacrosanctum-concilium-articulo-63\/#primaryimage"},"image":{"@id":"https:\/\/praytellblog.com\/index.php\/2026\/08\/30\/sacrosanctum-concilium-articulo-63\/#primaryimage"},"thumbnailUrl":"https:\/\/praytellblog.com\/wp-content\/uploads\/2026\/02\/IMG_2577.jpeg","datePublished":"2026-08-30T14:00:00+00:00","breadcrumb":{"@id":"https:\/\/praytellblog.com\/index.php\/2026\/08\/30\/sacrosanctum-concilium-articulo-63\/#breadcrumb"},"inLanguage":"en-US","potentialAction":[{"@type":"ReadAction","target":["https:\/\/praytellblog.com\/index.php\/2026\/08\/30\/sacrosanctum-concilium-articulo-63\/"]}]},{"@type":"ImageObject","inLanguage":"en-US","@id":"https:\/\/praytellblog.com\/index.php\/2026\/08\/30\/sacrosanctum-concilium-articulo-63\/#primaryimage","url":"https:\/\/praytellblog.com\/wp-content\/uploads\/2026\/02\/IMG_2577.jpeg","contentUrl":"https:\/\/praytellblog.com\/wp-content\/uploads\/2026\/02\/IMG_2577.jpeg","width":1447,"height":1441},{"@type":"BreadcrumbList","@id":"https:\/\/praytellblog.com\/index.php\/2026\/08\/30\/sacrosanctum-concilium-articulo-63\/#breadcrumb","itemListElement":[{"@type":"ListItem","position":1,"name":"Home","item":"https:\/\/praytellblog.com\/"},{"@type":"ListItem","position":2,"name":"Sacrosanctum Concilium: Art\u00edculo 63"}]},{"@type":"WebSite","@id":"https:\/\/praytellblog.com\/#website","url":"https:\/\/praytellblog.com\/","name":"Home","description":"Worship, Wit &amp; Wisdom","publisher":{"@id":"https:\/\/praytellblog.com\/#organization"},"potentialAction":[{"@type":"SearchAction","target":{"@type":"EntryPoint","urlTemplate":"https:\/\/praytellblog.com\/?s={search_term_string}"},"query-input":{"@type":"PropertyValueSpecification","valueRequired":true,"valueName":"search_term_string"}}],"inLanguage":"en-US"},{"@type":"Organization","@id":"https:\/\/praytellblog.com\/#organization","name":"Home","url":"https:\/\/praytellblog.com\/","logo":{"@type":"ImageObject","inLanguage":"en-US","@id":"https:\/\/praytellblog.com\/#\/schema\/logo\/image\/","url":"https:\/\/praytellblog.com\/wp-content\/uploads\/2023\/09\/cropped-BlogHeaderFinal2.jpg","contentUrl":"https:\/\/praytellblog.com\/wp-content\/uploads\/2023\/09\/cropped-BlogHeaderFinal2.jpg","width":1340,"height":209,"caption":"Home"},"image":{"@id":"https:\/\/praytellblog.com\/#\/schema\/logo\/image\/"}},{"@type":"Person","@id":"https:\/\/praytellblog.com\/#\/schema\/person\/f168e1f21a846b10966545a5398373d6","name":"praytelladmin","url":"https:\/\/praytellblog.com\/index.php\/author\/praytelladmin\/"}]}},"jetpack_sharing_enabled":true,"jetpack_likes_enabled":true,"jetpack_featured_media_url":"https:\/\/praytellblog.com\/wp-content\/uploads\/2026\/02\/IMG_2577.jpeg","_links":{"self":[{"href":"https:\/\/praytellblog.com\/index.php\/wp-json\/wp\/v2\/posts\/70470","targetHints":{"allow":["GET"]}}],"collection":[{"href":"https:\/\/praytellblog.com\/index.php\/wp-json\/wp\/v2\/posts"}],"about":[{"href":"https:\/\/praytellblog.com\/index.php\/wp-json\/wp\/v2\/types\/post"}],"author":[{"embeddable":true,"href":"https:\/\/praytellblog.com\/index.php\/wp-json\/wp\/v2\/users\/107"}],"replies":[{"embeddable":true,"href":"https:\/\/praytellblog.com\/index.php\/wp-json\/wp\/v2\/comments?post=70470"}],"version-history":[{"count":3,"href":"https:\/\/praytellblog.com\/index.php\/wp-json\/wp\/v2\/posts\/70470\/revisions"}],"predecessor-version":[{"id":70473,"href":"https:\/\/praytellblog.com\/index.php\/wp-json\/wp\/v2\/posts\/70470\/revisions\/70473"}],"wp:featuredmedia":[{"embeddable":true,"href":"https:\/\/praytellblog.com\/index.php\/wp-json\/wp\/v2\/media\/69474"}],"wp:attachment":[{"href":"https:\/\/praytellblog.com\/index.php\/wp-json\/wp\/v2\/media?parent=70470"}],"wp:term":[{"taxonomy":"category","embeddable":true,"href":"https:\/\/praytellblog.com\/index.php\/wp-json\/wp\/v2\/categories?post=70470"},{"taxonomy":"post_tag","embeddable":true,"href":"https:\/\/praytellblog.com\/index.php\/wp-json\/wp\/v2\/tags?post=70470"}],"curies":[{"name":"wp","href":"https:\/\/api.w.org\/{rel}","templated":true}]}}