{"id":70324,"date":"2026-08-04T09:00:00","date_gmt":"2026-08-04T14:00:00","guid":{"rendered":"https:\/\/praytellblog.com\/?p=70324"},"modified":"2026-05-16T15:29:02","modified_gmt":"2026-05-16T20:29:02","slug":"sacrosanctum-concilium-articulo-56","status":"publish","type":"post","link":"https:\/\/praytellblog.com\/index.php\/2026\/08\/04\/sacrosanctum-concilium-articulo-56\/","title":{"rendered":"Sacrosanctum Concilium: Art\u00edculo 56"},"content":{"rendered":"\n<p class=\"wp-block-paragraph\"><em><strong>By Michael Joncas,\u00a0<a href=\"https:\/\/praytellblog.com\/index.php\/2013\/09\/09\/re-reading-sacrosanctum-concilium-article-56\/\">post originally appeared September 9, 2013<\/a>; en espa\u00f1ol, August 4, 2026<\/strong><\/em><\/p>\n\n\n\n<p class=\"wp-block-paragraph\">[<em>Este art\u00edculo forma parte de una serie que se extender\u00e1 durante todo un a\u00f1o y que revisa el&nbsp;<\/em>Sacrosanctum Concilium<em>. Coincidiendo con los 100 a\u00f1os de renovaci\u00f3n lit\u00fargica en Estados Unidos, respondemos a la invitaci\u00f3n del Papa Le\u00f3n XIV a releer los documentos del Concilio Vaticano II con una perspectiva renovada.&nbsp;<\/em><\/p>\n\n\n\n<p class=\"wp-block-paragraph\"><em>This is part of a year-long series re-examining\u00a0<\/em>Sacrosanctum Concilium<em>.\u00a0 Coinciding with 100 years of liturgical renewal in the United States, we are responding to Pope Leo\u2019s invitation to reread the documents of Vatican II with \u2018fresh eyes.\u2019<\/em>\u00a0<strong>Find the commentary in English\u00a0<a href=\"https:\/\/praytellblog.com\/index.php\/2013\/09\/09\/re-reading-sacrosanctum-concilium-article-56\/\">here<\/a>.<\/strong>]<\/p>\n\n\n\n<p class=\"wp-block-paragraph\"><strong>Texto en lat\u00edn<\/strong><\/p>\n\n\n\n<p class=\"wp-block-paragraph\"><strong>56. Duae partes e quibus Missa quodammodo constat, liturgia nempe verbi et eucharistica, tam arcte inter se coniunguntur, ut unum actum cultus efficiant. Sacra proinde Synodus vehementer hortatur animarum pastores ut, in catechesi tradenda, fideles sedulo doceant de integra Missa participanda, praesertim diebus dominicis et festis de praecepto.<\/strong><\/p>\n\n\n\n<p class=\"wp-block-paragraph\">Traducci\u00f3n al espa\u00f1ol de la p\u00e1gina oficial del Vaticano:<\/p>\n\n\n\n<p class=\"wp-block-paragraph\"><em>Unidad de la Misa<\/em><\/p>\n\n\n\n<p class=\"wp-block-paragraph\"><a href=\"https:\/\/www.vatican.va\/archive\/hist_councils\/ii_vatican_council\/documents\/vat-ii_const_19631204_sacrosanctum-concilium_sp.html\"><em>56<\/em><\/a><em>. Las dos partes de que consta la Misa, a saber: la liturgia de la palabra y la eucar\u00edstica, est\u00e1n tan \u00edntimamente unidas que constituyen un solo acto de culto. Por esto el Sagrado S\u00ednodo exhorta vehemente a los pastores de almas para que en la catequesis instruyan cuidadosamente a los fieles acerca de la participaci\u00f3n en toda la misa, sobre todo los domingos y fiestas de precepto<\/em>.<\/p>\n\n\n\n<p class=\"wp-block-paragraph\">Los cat\u00f3licos del Rito Romano de cierta edad tal vez recuerden que se les ense\u00f1\u00f3 que cumpl\u00edan con su obligaci\u00f3n de la misa dominical si estaban f\u00edsicamente presentes en la iglesia durante el Ofertorio, la Consagraci\u00f3n y la Comuni\u00f3n [del sacerdote]. El vestigio de esta ense\u00f1anza se observa a veces en congregaciones donde los miembros de la asamblea reciben la sagrada comuni\u00f3n y luego abandonan el templo antes de las oraciones finales de la Liturgia de la Eucarist\u00eda y de los Ritos de Conclusi\u00f3n. El art\u00edculo 56 subraya una vez m\u00e1s la importancia de asistir y de celebrar la Liturgia de la Palabra (y, presumiblemente, los Ritos Iniciales) para lograr una participaci\u00f3n ritual integral en la misa.<\/p>\n\n\n\n<p class=\"wp-block-paragraph\">Los lectores de <em>Pray Tell<\/em> tal vez deseen debatir cu\u00e1n eficazmente han sido catequizadas sus congregaciones acerca de la \u00edntima uni\u00f3n entre la Liturgia de la Palabra y la Liturgia de la Eucarist\u00eda, las cuales constituyen \u201cun \u00fanico acto de culto\u201d.\u00a0<\/p>\n\n\n\n<ul class=\"wp-block-list\">\n<li>\u00bfLlegan habitualmente tan tarde a la celebraci\u00f3n los miembros de la asamblea que se pierden los Ritos Iniciales y\/o la Liturgia de la Palabra?\u00a0<\/li>\n\n\n\n<li>\u00bfSe marchan tan temprano los miembros de la asamblea que se pierden las oraciones finales de la Liturgia de la Eucarist\u00eda y\/o los Ritos de Conclusi\u00f3n? Si es as\u00ed, \u00bfa qu\u00e9 se debe?\u00a0<\/li>\n\n\n\n<li>\u00bfQu\u00e9 podr\u00eda hacerse para convencer \u201ccon esmero\u201d a los fieles de que \u201cparticipen completamente en la misa\u201d?<\/li>\n<\/ul>\n\n\n\n<p class=\"wp-block-paragraph\"><strong>Michael Joncas<\/strong>, ordenado sacerdote en 1980 en la Arquidi\u00f3cesis de St. Paul-Minneapolis, Minnesota, el Padre (Jan) Michael Joncas es licenciado en Filolog\u00eda Inglesa por el (entonces) College of St. Thomas en St. Paul, Minnesota, y en Estudios Lit\u00fargicos por la Universidad de Notre Dame, Indiana, y el Pontificio Instituto Lit\u00fargico del Ateneo S. Anselmo en Roma. Ha ejercido como vicario parroquial, capell\u00e1n universitario y administrador parroquial (p\u00e1rroco). Es autor de seis libros y m\u00e1s de doscientos cincuenta art\u00edculos y rese\u00f1as en revistas como Worship, Ecclesia Orans y Questions Liturgiques. Ha compuesto y arreglado m\u00e1s de 300 piezas de m\u00fasica lit\u00fargica. Se jubil\u00f3 como profesor de los departamentos de Teolog\u00eda y Estudios Cat\u00f3licos, y como Artista Residente e Investigador en Estudios Cat\u00f3licos en la Universidad de St. Thomas, St. Paul, Minnesota.<\/p>\n","protected":false},"excerpt":{"rendered":"<p>REV. MICHAEL JONCAS \u2014 Acomp\u00e1\u00f1enos en la relectura del Concilio Sacrosanto, disponible en espa\u00f1ol e ingl\u00e9s \/ Join us in a re-reading of Sacrosanctum Concilium, available in Spanish and English!<\/p>\n","protected":false},"author":107,"featured_media":69474,"comment_status":"open","ping_status":"open","sticky":false,"template":"","format":"standard","meta":{"_jetpack_newsletter_access":"","_jetpack_dont_email_post_to_subs":false,"_jetpack_newsletter_tier_id":0,"_jetpack_memberships_contains_paywalled_content":false,"_wpcom_ai_launchpad_first_post":false,"_jetpack_feature_clip_id":0,"_jetpack_memberships_contains_paid_content":false,"footnotes":"","jetpack_post_was_ever_published":false},"categories":[4353,19,84,4412,4529],"tags":[4299,4279,3627,4301],"class_list":["post-70324","post","type-post","status-publish","format-standard","has-post-thumbnail","hentry","category-en-espanol","category-mass","category-lectionary-liturgy-of-word","category-lomejorde","category-relectura","tag-eucaristia","tag-liturgia","tag-michael-joncas-2","tag-sacrosanto-concilio"],"yoast_head":"<!-- This site is optimized with the Yoast SEO plugin v28.4 - https:\/\/yoast.com\/product\/yoast-seo-wordpress\/ -->\n<title>Sacrosanctum Concilium: Art\u00edculo 56 - Home<\/title>\n<meta name=\"robots\" content=\"index, follow, max-snippet:-1, max-image-preview:large, max-video-preview:-1\" \/>\n<link rel=\"canonical\" href=\"https:\/\/praytellblog.com\/index.php\/2026\/08\/04\/sacrosanctum-concilium-articulo-56\/\" \/>\n<meta property=\"og:locale\" content=\"en_US\" \/>\n<meta property=\"og:type\" content=\"article\" \/>\n<meta property=\"og:title\" content=\"Sacrosanctum Concilium: Art\u00edculo 56 - Home\" \/>\n<meta property=\"og:description\" content=\"REV. MICHAEL JONCAS \u2014 Acomp\u00e1\u00f1enos en la relectura del Concilio Sacrosanto, disponible en espa\u00f1ol e ingl\u00e9s \/ Join us in a re-reading of Sacrosanctum Concilium, available in Spanish and English!\" \/>\n<meta property=\"og:url\" content=\"https:\/\/praytellblog.com\/index.php\/2026\/08\/04\/sacrosanctum-concilium-articulo-56\/\" \/>\n<meta property=\"og:site_name\" content=\"Home\" \/>\n<meta property=\"article:published_time\" content=\"2026-08-04T14:00:00+00:00\" \/>\n<meta property=\"og:image\" content=\"https:\/\/praytellblog.com\/wp-content\/uploads\/2026\/02\/IMG_2577.jpeg\" \/>\n\t<meta property=\"og:image:width\" content=\"1447\" \/>\n\t<meta property=\"og:image:height\" content=\"1441\" \/>\n\t<meta property=\"og:image:type\" content=\"image\/jpeg\" \/>\n<meta name=\"author\" content=\"praytelladmin\" \/>\n<meta name=\"twitter:card\" content=\"summary_large_image\" \/>\n<meta name=\"twitter:label1\" content=\"Written by\" \/>\n\t<meta name=\"twitter:data1\" content=\"praytelladmin\" \/>\n\t<meta name=\"twitter:label2\" content=\"Est. reading time\" \/>\n\t<meta name=\"twitter:data2\" content=\"3 minutes\" \/>\n<script type=\"application\/ld+json\" class=\"yoast-schema-graph\">{\"@context\":\"https:\\\/\\\/schema.org\",\"@graph\":[{\"@type\":\"Article\",\"@id\":\"https:\\\/\\\/praytellblog.com\\\/index.php\\\/2026\\\/08\\\/04\\\/sacrosanctum-concilium-articulo-56\\\/#article\",\"isPartOf\":{\"@id\":\"https:\\\/\\\/praytellblog.com\\\/index.php\\\/2026\\\/08\\\/04\\\/sacrosanctum-concilium-articulo-56\\\/\"},\"author\":{\"name\":\"praytelladmin\",\"@id\":\"https:\\\/\\\/praytellblog.com\\\/#\\\/schema\\\/person\\\/f168e1f21a846b10966545a5398373d6\"},\"headline\":\"Sacrosanctum Concilium: Art\u00edculo 56\",\"datePublished\":\"2026-08-04T14:00:00+00:00\",\"mainEntityOfPage\":{\"@id\":\"https:\\\/\\\/praytellblog.com\\\/index.php\\\/2026\\\/08\\\/04\\\/sacrosanctum-concilium-articulo-56\\\/\"},\"wordCount\":652,\"commentCount\":0,\"publisher\":{\"@id\":\"https:\\\/\\\/praytellblog.com\\\/#organization\"},\"image\":{\"@id\":\"https:\\\/\\\/praytellblog.com\\\/index.php\\\/2026\\\/08\\\/04\\\/sacrosanctum-concilium-articulo-56\\\/#primaryimage\"},\"thumbnailUrl\":\"https:\\\/\\\/praytellblog.com\\\/wp-content\\\/uploads\\\/2026\\\/02\\\/IMG_2577.jpeg\",\"keywords\":[\"Eucarist\u00eda\",\"Liturgia\",\"Michael Joncas\",\"Sacrosanto Concilio\"],\"articleSection\":[\"En Espa\u00f1ol\",\"Eucharist\",\"Lectionary \\\/ Liturgy of Word\",\"Lo Mejor De PrayTell\",\"Relectura\"],\"inLanguage\":\"en-US\",\"potentialAction\":[{\"@type\":\"CommentAction\",\"name\":\"Comment\",\"target\":[\"https:\\\/\\\/praytellblog.com\\\/index.php\\\/2026\\\/08\\\/04\\\/sacrosanctum-concilium-articulo-56\\\/#respond\"]}]},{\"@type\":\"WebPage\",\"@id\":\"https:\\\/\\\/praytellblog.com\\\/index.php\\\/2026\\\/08\\\/04\\\/sacrosanctum-concilium-articulo-56\\\/\",\"url\":\"https:\\\/\\\/praytellblog.com\\\/index.php\\\/2026\\\/08\\\/04\\\/sacrosanctum-concilium-articulo-56\\\/\",\"name\":\"Sacrosanctum Concilium: Art\u00edculo 56 - Home\",\"isPartOf\":{\"@id\":\"https:\\\/\\\/praytellblog.com\\\/#website\"},\"primaryImageOfPage\":{\"@id\":\"https:\\\/\\\/praytellblog.com\\\/index.php\\\/2026\\\/08\\\/04\\\/sacrosanctum-concilium-articulo-56\\\/#primaryimage\"},\"image\":{\"@id\":\"https:\\\/\\\/praytellblog.com\\\/index.php\\\/2026\\\/08\\\/04\\\/sacrosanctum-concilium-articulo-56\\\/#primaryimage\"},\"thumbnailUrl\":\"https:\\\/\\\/praytellblog.com\\\/wp-content\\\/uploads\\\/2026\\\/02\\\/IMG_2577.jpeg\",\"datePublished\":\"2026-08-04T14:00:00+00:00\",\"breadcrumb\":{\"@id\":\"https:\\\/\\\/praytellblog.com\\\/index.php\\\/2026\\\/08\\\/04\\\/sacrosanctum-concilium-articulo-56\\\/#breadcrumb\"},\"inLanguage\":\"en-US\",\"potentialAction\":[{\"@type\":\"ReadAction\",\"target\":[\"https:\\\/\\\/praytellblog.com\\\/index.php\\\/2026\\\/08\\\/04\\\/sacrosanctum-concilium-articulo-56\\\/\"]}]},{\"@type\":\"ImageObject\",\"inLanguage\":\"en-US\",\"@id\":\"https:\\\/\\\/praytellblog.com\\\/index.php\\\/2026\\\/08\\\/04\\\/sacrosanctum-concilium-articulo-56\\\/#primaryimage\",\"url\":\"https:\\\/\\\/praytellblog.com\\\/wp-content\\\/uploads\\\/2026\\\/02\\\/IMG_2577.jpeg\",\"contentUrl\":\"https:\\\/\\\/praytellblog.com\\\/wp-content\\\/uploads\\\/2026\\\/02\\\/IMG_2577.jpeg\",\"width\":1447,\"height\":1441},{\"@type\":\"BreadcrumbList\",\"@id\":\"https:\\\/\\\/praytellblog.com\\\/index.php\\\/2026\\\/08\\\/04\\\/sacrosanctum-concilium-articulo-56\\\/#breadcrumb\",\"itemListElement\":[{\"@type\":\"ListItem\",\"position\":1,\"name\":\"Home\",\"item\":\"https:\\\/\\\/praytellblog.com\\\/\"},{\"@type\":\"ListItem\",\"position\":2,\"name\":\"Sacrosanctum Concilium: Art\u00edculo 56\"}]},{\"@type\":\"WebSite\",\"@id\":\"https:\\\/\\\/praytellblog.com\\\/#website\",\"url\":\"https:\\\/\\\/praytellblog.com\\\/\",\"name\":\"Home\",\"description\":\"Worship, Wit &amp; Wisdom\",\"publisher\":{\"@id\":\"https:\\\/\\\/praytellblog.com\\\/#organization\"},\"potentialAction\":[{\"@type\":\"SearchAction\",\"target\":{\"@type\":\"EntryPoint\",\"urlTemplate\":\"https:\\\/\\\/praytellblog.com\\\/?s={search_term_string}\"},\"query-input\":{\"@type\":\"PropertyValueSpecification\",\"valueRequired\":true,\"valueName\":\"search_term_string\"}}],\"inLanguage\":\"en-US\"},{\"@type\":\"Organization\",\"@id\":\"https:\\\/\\\/praytellblog.com\\\/#organization\",\"name\":\"Home\",\"url\":\"https:\\\/\\\/praytellblog.com\\\/\",\"logo\":{\"@type\":\"ImageObject\",\"inLanguage\":\"en-US\",\"@id\":\"https:\\\/\\\/praytellblog.com\\\/#\\\/schema\\\/logo\\\/image\\\/\",\"url\":\"https:\\\/\\\/praytellblog.com\\\/wp-content\\\/uploads\\\/2023\\\/09\\\/cropped-BlogHeaderFinal2.jpg\",\"contentUrl\":\"https:\\\/\\\/praytellblog.com\\\/wp-content\\\/uploads\\\/2023\\\/09\\\/cropped-BlogHeaderFinal2.jpg\",\"width\":1340,\"height\":209,\"caption\":\"Home\"},\"image\":{\"@id\":\"https:\\\/\\\/praytellblog.com\\\/#\\\/schema\\\/logo\\\/image\\\/\"}},{\"@type\":\"Person\",\"@id\":\"https:\\\/\\\/praytellblog.com\\\/#\\\/schema\\\/person\\\/f168e1f21a846b10966545a5398373d6\",\"name\":\"praytelladmin\",\"url\":\"https:\\\/\\\/praytellblog.com\\\/index.php\\\/author\\\/praytelladmin\\\/\"}]}<\/script>\n<!-- \/ Yoast SEO plugin. -->","yoast_head_json":{"title":"Sacrosanctum Concilium: Art\u00edculo 56 - Home","robots":{"index":"index","follow":"follow","max-snippet":"max-snippet:-1","max-image-preview":"max-image-preview:large","max-video-preview":"max-video-preview:-1"},"canonical":"https:\/\/praytellblog.com\/index.php\/2026\/08\/04\/sacrosanctum-concilium-articulo-56\/","og_locale":"en_US","og_type":"article","og_title":"Sacrosanctum Concilium: Art\u00edculo 56 - Home","og_description":"REV. MICHAEL JONCAS \u2014 Acomp\u00e1\u00f1enos en la relectura del Concilio Sacrosanto, disponible en espa\u00f1ol e ingl\u00e9s \/ Join us in a re-reading of Sacrosanctum Concilium, available in Spanish and English!","og_url":"https:\/\/praytellblog.com\/index.php\/2026\/08\/04\/sacrosanctum-concilium-articulo-56\/","og_site_name":"Home","article_published_time":"2026-08-04T14:00:00+00:00","og_image":[{"width":1447,"height":1441,"url":"https:\/\/praytellblog.com\/wp-content\/uploads\/2026\/02\/IMG_2577.jpeg","type":"image\/jpeg"}],"author":"praytelladmin","twitter_card":"summary_large_image","twitter_misc":{"Written by":"praytelladmin","Est. reading time":"3 minutes"},"schema":{"@context":"https:\/\/schema.org","@graph":[{"@type":"Article","@id":"https:\/\/praytellblog.com\/index.php\/2026\/08\/04\/sacrosanctum-concilium-articulo-56\/#article","isPartOf":{"@id":"https:\/\/praytellblog.com\/index.php\/2026\/08\/04\/sacrosanctum-concilium-articulo-56\/"},"author":{"name":"praytelladmin","@id":"https:\/\/praytellblog.com\/#\/schema\/person\/f168e1f21a846b10966545a5398373d6"},"headline":"Sacrosanctum Concilium: Art\u00edculo 56","datePublished":"2026-08-04T14:00:00+00:00","mainEntityOfPage":{"@id":"https:\/\/praytellblog.com\/index.php\/2026\/08\/04\/sacrosanctum-concilium-articulo-56\/"},"wordCount":652,"commentCount":0,"publisher":{"@id":"https:\/\/praytellblog.com\/#organization"},"image":{"@id":"https:\/\/praytellblog.com\/index.php\/2026\/08\/04\/sacrosanctum-concilium-articulo-56\/#primaryimage"},"thumbnailUrl":"https:\/\/praytellblog.com\/wp-content\/uploads\/2026\/02\/IMG_2577.jpeg","keywords":["Eucarist\u00eda","Liturgia","Michael Joncas","Sacrosanto Concilio"],"articleSection":["En Espa\u00f1ol","Eucharist","Lectionary \/ Liturgy of Word","Lo Mejor De PrayTell","Relectura"],"inLanguage":"en-US","potentialAction":[{"@type":"CommentAction","name":"Comment","target":["https:\/\/praytellblog.com\/index.php\/2026\/08\/04\/sacrosanctum-concilium-articulo-56\/#respond"]}]},{"@type":"WebPage","@id":"https:\/\/praytellblog.com\/index.php\/2026\/08\/04\/sacrosanctum-concilium-articulo-56\/","url":"https:\/\/praytellblog.com\/index.php\/2026\/08\/04\/sacrosanctum-concilium-articulo-56\/","name":"Sacrosanctum Concilium: Art\u00edculo 56 - Home","isPartOf":{"@id":"https:\/\/praytellblog.com\/#website"},"primaryImageOfPage":{"@id":"https:\/\/praytellblog.com\/index.php\/2026\/08\/04\/sacrosanctum-concilium-articulo-56\/#primaryimage"},"image":{"@id":"https:\/\/praytellblog.com\/index.php\/2026\/08\/04\/sacrosanctum-concilium-articulo-56\/#primaryimage"},"thumbnailUrl":"https:\/\/praytellblog.com\/wp-content\/uploads\/2026\/02\/IMG_2577.jpeg","datePublished":"2026-08-04T14:00:00+00:00","breadcrumb":{"@id":"https:\/\/praytellblog.com\/index.php\/2026\/08\/04\/sacrosanctum-concilium-articulo-56\/#breadcrumb"},"inLanguage":"en-US","potentialAction":[{"@type":"ReadAction","target":["https:\/\/praytellblog.com\/index.php\/2026\/08\/04\/sacrosanctum-concilium-articulo-56\/"]}]},{"@type":"ImageObject","inLanguage":"en-US","@id":"https:\/\/praytellblog.com\/index.php\/2026\/08\/04\/sacrosanctum-concilium-articulo-56\/#primaryimage","url":"https:\/\/praytellblog.com\/wp-content\/uploads\/2026\/02\/IMG_2577.jpeg","contentUrl":"https:\/\/praytellblog.com\/wp-content\/uploads\/2026\/02\/IMG_2577.jpeg","width":1447,"height":1441},{"@type":"BreadcrumbList","@id":"https:\/\/praytellblog.com\/index.php\/2026\/08\/04\/sacrosanctum-concilium-articulo-56\/#breadcrumb","itemListElement":[{"@type":"ListItem","position":1,"name":"Home","item":"https:\/\/praytellblog.com\/"},{"@type":"ListItem","position":2,"name":"Sacrosanctum Concilium: Art\u00edculo 56"}]},{"@type":"WebSite","@id":"https:\/\/praytellblog.com\/#website","url":"https:\/\/praytellblog.com\/","name":"Home","description":"Worship, Wit &amp; Wisdom","publisher":{"@id":"https:\/\/praytellblog.com\/#organization"},"potentialAction":[{"@type":"SearchAction","target":{"@type":"EntryPoint","urlTemplate":"https:\/\/praytellblog.com\/?s={search_term_string}"},"query-input":{"@type":"PropertyValueSpecification","valueRequired":true,"valueName":"search_term_string"}}],"inLanguage":"en-US"},{"@type":"Organization","@id":"https:\/\/praytellblog.com\/#organization","name":"Home","url":"https:\/\/praytellblog.com\/","logo":{"@type":"ImageObject","inLanguage":"en-US","@id":"https:\/\/praytellblog.com\/#\/schema\/logo\/image\/","url":"https:\/\/praytellblog.com\/wp-content\/uploads\/2023\/09\/cropped-BlogHeaderFinal2.jpg","contentUrl":"https:\/\/praytellblog.com\/wp-content\/uploads\/2023\/09\/cropped-BlogHeaderFinal2.jpg","width":1340,"height":209,"caption":"Home"},"image":{"@id":"https:\/\/praytellblog.com\/#\/schema\/logo\/image\/"}},{"@type":"Person","@id":"https:\/\/praytellblog.com\/#\/schema\/person\/f168e1f21a846b10966545a5398373d6","name":"praytelladmin","url":"https:\/\/praytellblog.com\/index.php\/author\/praytelladmin\/"}]}},"jetpack_sharing_enabled":true,"jetpack_likes_enabled":true,"jetpack_featured_media_url":"https:\/\/praytellblog.com\/wp-content\/uploads\/2026\/02\/IMG_2577.jpeg","_links":{"self":[{"href":"https:\/\/praytellblog.com\/index.php\/wp-json\/wp\/v2\/posts\/70324","targetHints":{"allow":["GET"]}}],"collection":[{"href":"https:\/\/praytellblog.com\/index.php\/wp-json\/wp\/v2\/posts"}],"about":[{"href":"https:\/\/praytellblog.com\/index.php\/wp-json\/wp\/v2\/types\/post"}],"author":[{"embeddable":true,"href":"https:\/\/praytellblog.com\/index.php\/wp-json\/wp\/v2\/users\/107"}],"replies":[{"embeddable":true,"href":"https:\/\/praytellblog.com\/index.php\/wp-json\/wp\/v2\/comments?post=70324"}],"version-history":[{"count":3,"href":"https:\/\/praytellblog.com\/index.php\/wp-json\/wp\/v2\/posts\/70324\/revisions"}],"predecessor-version":[{"id":70327,"href":"https:\/\/praytellblog.com\/index.php\/wp-json\/wp\/v2\/posts\/70324\/revisions\/70327"}],"wp:featuredmedia":[{"embeddable":true,"href":"https:\/\/praytellblog.com\/index.php\/wp-json\/wp\/v2\/media\/69474"}],"wp:attachment":[{"href":"https:\/\/praytellblog.com\/index.php\/wp-json\/wp\/v2\/media?parent=70324"}],"wp:term":[{"taxonomy":"category","embeddable":true,"href":"https:\/\/praytellblog.com\/index.php\/wp-json\/wp\/v2\/categories?post=70324"},{"taxonomy":"post_tag","embeddable":true,"href":"https:\/\/praytellblog.com\/index.php\/wp-json\/wp\/v2\/tags?post=70324"}],"curies":[{"name":"wp","href":"https:\/\/api.w.org\/{rel}","templated":true}]}}