{"id":69869,"date":"2026-04-21T09:00:00","date_gmt":"2026-04-21T14:00:00","guid":{"rendered":"https:\/\/praytellblog.com\/?p=69869"},"modified":"2026-04-22T08:37:39","modified_gmt":"2026-04-22T13:37:39","slug":"sacrosanctum-concilium-articulo-26","status":"publish","type":"post","link":"https:\/\/praytellblog.com\/index.php\/2026\/04\/21\/sacrosanctum-concilium-articulo-26\/","title":{"rendered":"Sacrosanctum Concilium: Art\u00edculo 26"},"content":{"rendered":"\n<p><em><strong>By Michael Joncas,\u00a0<a href=\"https:\/\/praytellblog.com\/index.php\/2013\/01\/13\/re-reading-sacrosanctum-concilium-article-26\/\">post originally appeared January 13, 2013<\/a>; en espa\u00f1ol, April 21, 2026<\/strong><\/em><\/p>\n\n\n\n<p>[<em>Este art\u00edculo forma parte de una serie que se extender\u00e1 durante todo un a\u00f1o y que revisa el&nbsp;<\/em>Sacrosanctum Concilium<em>. Coincidiendo con los 100 a\u00f1os de renovaci\u00f3n lit\u00fargica en Estados Unidos, respondemos a la invitaci\u00f3n del Papa Le\u00f3n XIV a releer los documentos del Concilio Vaticano II con una perspectiva renovada.&nbsp;<\/em><\/p>\n\n\n\n<p><em>This is part of a year-long series re-examining&nbsp;<\/em>Sacrosanctum Concilium<em>.&nbsp; Coinciding with 100 years of liturgical renewal in the United States, we are responding to Pope Leo\u2019s invitation to reread the documents of Vatican II with \u2018fresh eyes.\u2019<\/em>&nbsp;<strong>Find the commentary in English&nbsp;<a href=\"https:\/\/praytellblog.com\/index.php\/2013\/01\/13\/re-reading-sacrosanctum-concilium-article-26\/\">here<\/a>.<\/strong>]<\/p>\n\n\n\n<p><strong>Texto en lat\u00edn<\/strong><\/p>\n\n\n\n<p><strong>B) Normae ex indole Liturgiae utpote actionis hierarchicae et communitatis propriae<\/strong><\/p>\n\n\n\n<p><strong>26.&nbsp;Actiones liturgicae non sunt actiones privatae, sed celebrationes Ecclesiae, quae est \u201cunitatis sacramentum\u201d, scilicet plebs sancta sub Episcopis adunata et ordinata.<\/strong><\/p>\n\n\n\n<p><strong>Quare ad universum Corpus Ecclesiae pertinent illudque manifestant et afficiunt; singula vero membra ipsius diverso modo, pro diversitate ordinum, munerum et actualis participationis, attingunt.<\/strong><\/p>\n\n\n\n<p>Traducci\u00f3n al espa\u00f1ol de la p\u00e1gina oficial del Vaticano:<\/p>\n\n\n\n<p><em>B) Normas derivadas de la \u00edndole de la liturgia como acci\u00f3n<br>jer\u00e1rquica y comunitaria.<\/em><\/p>\n\n\n\n<p><a href=\"https:\/\/www.vatican.va\/archive\/hist_councils\/ii_vatican_council\/documents\/vat-ii_const_19631204_sacrosanctum-concilium_sp.html\"><em>26.<\/em><\/a><em>&nbsp;Las acciones lit\u00fargicas no son acciones privadas, sino celebraciones de la Iglesia, que es \u201csacramento de unidad\u201d, es decir, pueblo santo congregado y ordenado bajo la direcci\u00f3n de los Obispos.<\/em><\/p>\n\n\n\n<p><em>Por eso pertenecen a todo el cuerpo de la Iglesia, influyen en \u00e9l y lo manifiestan; pero cada uno de los miembros de este cuerpo recibe un influjo diverso, seg\u00fan la diversidad de \u00f3rdenes, funciones y participaci\u00f3n actual.<\/em><\/p>\n\n\n\n<p>Tras haber establecido normas generales para la reforma \/ restauraci\u00f3n \/ renovaci\u00f3n de la Liturgia, los Padres Conciliares enumeran ahora algunas normas derivadas de la naturaleza de la Liturgia, que es a la vez comunitaria (una reuni\u00f3n de los bautizados [y de quienes buscan el bautismo]) y jer\u00e1rquica (una asamblea de los bautizados diferenciada por \u00f3rdenes [laicos \/ cl\u00e9rigos]; funciones \/ ministerios [por ejemplo: celebrante principal \/ presb\u00edtero concelebrante]; y participaci\u00f3n activa [por ejemplo: ac\u00f3lito, miembro del coro]).<\/p>\n\n\n\n<p>El principio m\u00e1s importante que se articula aqu\u00ed es que las acciones lit\u00fargicas son actos p\u00fablicos, celebraciones de la Iglesia, de lo cual se deduce que se prefieren las formas de celebraci\u00f3n que destacan la dimensi\u00f3n comunitaria de la liturgia a aquellas que son (casi) privadas. Los lectores del blog&nbsp;<em>Pray Tell<\/em>&nbsp;pueden debatir sobre las pr\u00e1cticas lit\u00fargicas que encarnan o cuestionan este principio. Algunos ejemplos podr\u00edan ser la multiplicaci\u00f3n de las misas \u201cprivadas\u201d en las comunidades religiosas frente a la concelebraci\u00f3n eucar\u00edstica, la celebraci\u00f3n comunitaria frente a la individual del bautismo de ni\u00f1os, la preferencia por la Forma I de la reconciliaci\u00f3n sacramental, etc.<\/p>\n\n\n\n<p><strong>Michael Joncas<\/strong>, ordenado sacerdote en 1980 en la Arquidi\u00f3cesis de St. Paul-Minneapolis, Minnesota, el Padre (Jan) Michael Joncas es licenciado en Filolog\u00eda Inglesa por el (entonces) College of St. Thomas en St. Paul, Minnesota, y en Estudios Lit\u00fargicos por la Universidad de Notre Dame, Indiana, y el Pontificio Instituto Lit\u00fargico del Ateneo S. Anselmo en Roma. Ha ejercido como vicario parroquial, capell\u00e1n universitario y administrador parroquial (p\u00e1rroco). Es autor de seis libros y m\u00e1s de doscientos cincuenta art\u00edculos y rese\u00f1as en revistas como Worship, Ecclesia Orans y Questions Liturgiques. Ha compuesto y arreglado m\u00e1s de 300 piezas de m\u00fasica lit\u00fargica. Se jubil\u00f3 como profesor de los departamentos de Teolog\u00eda y Estudios Cat\u00f3licos, y como Artista Residente e Investigador en Estudios Cat\u00f3licos en la Universidad de St. Thomas, St. Paul, Minnesota.<\/p>\n","protected":false},"excerpt":{"rendered":"<p>REV. MICHAEL JONCAS \u2013 Acomp\u00e1\u00f1enos en la relectura del Concilio Sacrosanto, disponible en espa\u00f1ol e ingl\u00e9s \/ Join us in a re-reading of Sacrosanctum Concilium, available in Spanish and English!<\/p>\n","protected":false},"author":107,"featured_media":69474,"comment_status":"open","ping_status":"open","sticky":false,"template":"","format":"standard","meta":{"_jetpack_memberships_contains_paid_content":false,"footnotes":""},"categories":[4353,17,3814,31],"tags":[4427,4278,4279,3627],"class_list":["post-69869","post","type-post","status-publish","format-standard","has-post-thumbnail","hentry","category-en-espanol","category-liturgical-spirituality","category-re-reading-sacrosanctum-concilium","category-sacramental-theology","tag-bautismo","tag-concilio-sacrosanto","tag-liturgia","tag-michael-joncas-2"],"yoast_head":"<!-- This site is optimized with the Yoast SEO plugin v27.5 - https:\/\/yoast.com\/product\/yoast-seo-wordpress\/ -->\n<title>Sacrosanctum Concilium: Art\u00edculo 26 - Home<\/title>\n<meta name=\"robots\" content=\"index, follow, max-snippet:-1, max-image-preview:large, max-video-preview:-1\" \/>\n<link rel=\"canonical\" href=\"https:\/\/praytellblog.com\/index.php\/2026\/04\/21\/sacrosanctum-concilium-articulo-26\/\" \/>\n<meta property=\"og:locale\" content=\"en_US\" \/>\n<meta property=\"og:type\" content=\"article\" \/>\n<meta property=\"og:title\" content=\"Sacrosanctum Concilium: Art\u00edculo 26 - Home\" \/>\n<meta property=\"og:description\" content=\"REV. MICHAEL JONCAS \u2013 Acomp\u00e1\u00f1enos en la relectura del Concilio Sacrosanto, disponible en espa\u00f1ol e ingl\u00e9s \/ Join us in a re-reading of Sacrosanctum Concilium, available in Spanish and English!\" \/>\n<meta property=\"og:url\" content=\"https:\/\/praytellblog.com\/index.php\/2026\/04\/21\/sacrosanctum-concilium-articulo-26\/\" \/>\n<meta property=\"og:site_name\" content=\"Home\" \/>\n<meta property=\"article:published_time\" content=\"2026-04-21T14:00:00+00:00\" \/>\n<meta property=\"article:modified_time\" content=\"2026-04-22T13:37:39+00:00\" \/>\n<meta property=\"og:image\" content=\"https:\/\/praytellblog.com\/wp-content\/uploads\/2026\/02\/IMG_2577.jpeg\" \/>\n\t<meta property=\"og:image:width\" content=\"1447\" \/>\n\t<meta property=\"og:image:height\" content=\"1441\" \/>\n\t<meta property=\"og:image:type\" content=\"image\/jpeg\" \/>\n<meta name=\"author\" content=\"praytelladmin\" \/>\n<meta name=\"twitter:card\" content=\"summary_large_image\" \/>\n<meta name=\"twitter:label1\" content=\"Written by\" \/>\n\t<meta name=\"twitter:data1\" content=\"praytelladmin\" \/>\n\t<meta name=\"twitter:label2\" content=\"Est. reading time\" \/>\n\t<meta name=\"twitter:data2\" content=\"3 minutes\" \/>\n<script type=\"application\/ld+json\" class=\"yoast-schema-graph\">{\"@context\":\"https:\\\/\\\/schema.org\",\"@graph\":[{\"@type\":\"Article\",\"@id\":\"https:\\\/\\\/praytellblog.com\\\/index.php\\\/2026\\\/04\\\/21\\\/sacrosanctum-concilium-articulo-26\\\/#article\",\"isPartOf\":{\"@id\":\"https:\\\/\\\/praytellblog.com\\\/index.php\\\/2026\\\/04\\\/21\\\/sacrosanctum-concilium-articulo-26\\\/\"},\"author\":{\"name\":\"praytelladmin\",\"@id\":\"https:\\\/\\\/praytellblog.com\\\/#\\\/schema\\\/person\\\/f168e1f21a846b10966545a5398373d6\"},\"headline\":\"Sacrosanctum Concilium: Art\u00edculo 26\",\"datePublished\":\"2026-04-21T14:00:00+00:00\",\"dateModified\":\"2026-04-22T13:37:39+00:00\",\"mainEntityOfPage\":{\"@id\":\"https:\\\/\\\/praytellblog.com\\\/index.php\\\/2026\\\/04\\\/21\\\/sacrosanctum-concilium-articulo-26\\\/\"},\"wordCount\":628,\"commentCount\":0,\"publisher\":{\"@id\":\"https:\\\/\\\/praytellblog.com\\\/#organization\"},\"image\":{\"@id\":\"https:\\\/\\\/praytellblog.com\\\/index.php\\\/2026\\\/04\\\/21\\\/sacrosanctum-concilium-articulo-26\\\/#primaryimage\"},\"thumbnailUrl\":\"https:\\\/\\\/praytellblog.com\\\/wp-content\\\/uploads\\\/2026\\\/02\\\/IMG_2577.jpeg\",\"keywords\":[\"Bautismo\",\"Concilio Sacrosanto\",\"Liturgia\",\"Michael Joncas\"],\"articleSection\":[\"En Espa\u00f1ol\",\"Liturgical Spirituality\",\"Re-Reading Sacrosanctum Concilium\",\"Sacramental Theology\"],\"inLanguage\":\"en-US\",\"potentialAction\":[{\"@type\":\"CommentAction\",\"name\":\"Comment\",\"target\":[\"https:\\\/\\\/praytellblog.com\\\/index.php\\\/2026\\\/04\\\/21\\\/sacrosanctum-concilium-articulo-26\\\/#respond\"]}]},{\"@type\":\"WebPage\",\"@id\":\"https:\\\/\\\/praytellblog.com\\\/index.php\\\/2026\\\/04\\\/21\\\/sacrosanctum-concilium-articulo-26\\\/\",\"url\":\"https:\\\/\\\/praytellblog.com\\\/index.php\\\/2026\\\/04\\\/21\\\/sacrosanctum-concilium-articulo-26\\\/\",\"name\":\"Sacrosanctum Concilium: Art\u00edculo 26 - Home\",\"isPartOf\":{\"@id\":\"https:\\\/\\\/praytellblog.com\\\/#website\"},\"primaryImageOfPage\":{\"@id\":\"https:\\\/\\\/praytellblog.com\\\/index.php\\\/2026\\\/04\\\/21\\\/sacrosanctum-concilium-articulo-26\\\/#primaryimage\"},\"image\":{\"@id\":\"https:\\\/\\\/praytellblog.com\\\/index.php\\\/2026\\\/04\\\/21\\\/sacrosanctum-concilium-articulo-26\\\/#primaryimage\"},\"thumbnailUrl\":\"https:\\\/\\\/praytellblog.com\\\/wp-content\\\/uploads\\\/2026\\\/02\\\/IMG_2577.jpeg\",\"datePublished\":\"2026-04-21T14:00:00+00:00\",\"dateModified\":\"2026-04-22T13:37:39+00:00\",\"breadcrumb\":{\"@id\":\"https:\\\/\\\/praytellblog.com\\\/index.php\\\/2026\\\/04\\\/21\\\/sacrosanctum-concilium-articulo-26\\\/#breadcrumb\"},\"inLanguage\":\"en-US\",\"potentialAction\":[{\"@type\":\"ReadAction\",\"target\":[\"https:\\\/\\\/praytellblog.com\\\/index.php\\\/2026\\\/04\\\/21\\\/sacrosanctum-concilium-articulo-26\\\/\"]}]},{\"@type\":\"ImageObject\",\"inLanguage\":\"en-US\",\"@id\":\"https:\\\/\\\/praytellblog.com\\\/index.php\\\/2026\\\/04\\\/21\\\/sacrosanctum-concilium-articulo-26\\\/#primaryimage\",\"url\":\"https:\\\/\\\/praytellblog.com\\\/wp-content\\\/uploads\\\/2026\\\/02\\\/IMG_2577.jpeg\",\"contentUrl\":\"https:\\\/\\\/praytellblog.com\\\/wp-content\\\/uploads\\\/2026\\\/02\\\/IMG_2577.jpeg\",\"width\":1447,\"height\":1441},{\"@type\":\"BreadcrumbList\",\"@id\":\"https:\\\/\\\/praytellblog.com\\\/index.php\\\/2026\\\/04\\\/21\\\/sacrosanctum-concilium-articulo-26\\\/#breadcrumb\",\"itemListElement\":[{\"@type\":\"ListItem\",\"position\":1,\"name\":\"Home\",\"item\":\"https:\\\/\\\/praytellblog.com\\\/\"},{\"@type\":\"ListItem\",\"position\":2,\"name\":\"Sacrosanctum Concilium: Art\u00edculo 26\"}]},{\"@type\":\"WebSite\",\"@id\":\"https:\\\/\\\/praytellblog.com\\\/#website\",\"url\":\"https:\\\/\\\/praytellblog.com\\\/\",\"name\":\"Home\",\"description\":\"Worship, Wit &amp; Wisdom\",\"publisher\":{\"@id\":\"https:\\\/\\\/praytellblog.com\\\/#organization\"},\"potentialAction\":[{\"@type\":\"SearchAction\",\"target\":{\"@type\":\"EntryPoint\",\"urlTemplate\":\"https:\\\/\\\/praytellblog.com\\\/?s={search_term_string}\"},\"query-input\":{\"@type\":\"PropertyValueSpecification\",\"valueRequired\":true,\"valueName\":\"search_term_string\"}}],\"inLanguage\":\"en-US\"},{\"@type\":\"Organization\",\"@id\":\"https:\\\/\\\/praytellblog.com\\\/#organization\",\"name\":\"Home\",\"url\":\"https:\\\/\\\/praytellblog.com\\\/\",\"logo\":{\"@type\":\"ImageObject\",\"inLanguage\":\"en-US\",\"@id\":\"https:\\\/\\\/praytellblog.com\\\/#\\\/schema\\\/logo\\\/image\\\/\",\"url\":\"https:\\\/\\\/praytellblog.com\\\/wp-content\\\/uploads\\\/2023\\\/09\\\/cropped-BlogHeaderFinal2.jpg\",\"contentUrl\":\"https:\\\/\\\/praytellblog.com\\\/wp-content\\\/uploads\\\/2023\\\/09\\\/cropped-BlogHeaderFinal2.jpg\",\"width\":1340,\"height\":209,\"caption\":\"Home\"},\"image\":{\"@id\":\"https:\\\/\\\/praytellblog.com\\\/#\\\/schema\\\/logo\\\/image\\\/\"}},{\"@type\":\"Person\",\"@id\":\"https:\\\/\\\/praytellblog.com\\\/#\\\/schema\\\/person\\\/f168e1f21a846b10966545a5398373d6\",\"name\":\"praytelladmin\",\"url\":\"https:\\\/\\\/praytellblog.com\\\/index.php\\\/author\\\/praytelladmin\\\/\"}]}<\/script>\n<!-- \/ Yoast SEO plugin. -->","yoast_head_json":{"title":"Sacrosanctum Concilium: Art\u00edculo 26 - Home","robots":{"index":"index","follow":"follow","max-snippet":"max-snippet:-1","max-image-preview":"max-image-preview:large","max-video-preview":"max-video-preview:-1"},"canonical":"https:\/\/praytellblog.com\/index.php\/2026\/04\/21\/sacrosanctum-concilium-articulo-26\/","og_locale":"en_US","og_type":"article","og_title":"Sacrosanctum Concilium: Art\u00edculo 26 - Home","og_description":"REV. MICHAEL JONCAS \u2013 Acomp\u00e1\u00f1enos en la relectura del Concilio Sacrosanto, disponible en espa\u00f1ol e ingl\u00e9s \/ Join us in a re-reading of Sacrosanctum Concilium, available in Spanish and English!","og_url":"https:\/\/praytellblog.com\/index.php\/2026\/04\/21\/sacrosanctum-concilium-articulo-26\/","og_site_name":"Home","article_published_time":"2026-04-21T14:00:00+00:00","article_modified_time":"2026-04-22T13:37:39+00:00","og_image":[{"width":1447,"height":1441,"url":"https:\/\/praytellblog.com\/wp-content\/uploads\/2026\/02\/IMG_2577.jpeg","type":"image\/jpeg"}],"author":"praytelladmin","twitter_card":"summary_large_image","twitter_misc":{"Written by":"praytelladmin","Est. reading time":"3 minutes"},"schema":{"@context":"https:\/\/schema.org","@graph":[{"@type":"Article","@id":"https:\/\/praytellblog.com\/index.php\/2026\/04\/21\/sacrosanctum-concilium-articulo-26\/#article","isPartOf":{"@id":"https:\/\/praytellblog.com\/index.php\/2026\/04\/21\/sacrosanctum-concilium-articulo-26\/"},"author":{"name":"praytelladmin","@id":"https:\/\/praytellblog.com\/#\/schema\/person\/f168e1f21a846b10966545a5398373d6"},"headline":"Sacrosanctum Concilium: Art\u00edculo 26","datePublished":"2026-04-21T14:00:00+00:00","dateModified":"2026-04-22T13:37:39+00:00","mainEntityOfPage":{"@id":"https:\/\/praytellblog.com\/index.php\/2026\/04\/21\/sacrosanctum-concilium-articulo-26\/"},"wordCount":628,"commentCount":0,"publisher":{"@id":"https:\/\/praytellblog.com\/#organization"},"image":{"@id":"https:\/\/praytellblog.com\/index.php\/2026\/04\/21\/sacrosanctum-concilium-articulo-26\/#primaryimage"},"thumbnailUrl":"https:\/\/praytellblog.com\/wp-content\/uploads\/2026\/02\/IMG_2577.jpeg","keywords":["Bautismo","Concilio Sacrosanto","Liturgia","Michael Joncas"],"articleSection":["En Espa\u00f1ol","Liturgical Spirituality","Re-Reading Sacrosanctum Concilium","Sacramental Theology"],"inLanguage":"en-US","potentialAction":[{"@type":"CommentAction","name":"Comment","target":["https:\/\/praytellblog.com\/index.php\/2026\/04\/21\/sacrosanctum-concilium-articulo-26\/#respond"]}]},{"@type":"WebPage","@id":"https:\/\/praytellblog.com\/index.php\/2026\/04\/21\/sacrosanctum-concilium-articulo-26\/","url":"https:\/\/praytellblog.com\/index.php\/2026\/04\/21\/sacrosanctum-concilium-articulo-26\/","name":"Sacrosanctum Concilium: Art\u00edculo 26 - Home","isPartOf":{"@id":"https:\/\/praytellblog.com\/#website"},"primaryImageOfPage":{"@id":"https:\/\/praytellblog.com\/index.php\/2026\/04\/21\/sacrosanctum-concilium-articulo-26\/#primaryimage"},"image":{"@id":"https:\/\/praytellblog.com\/index.php\/2026\/04\/21\/sacrosanctum-concilium-articulo-26\/#primaryimage"},"thumbnailUrl":"https:\/\/praytellblog.com\/wp-content\/uploads\/2026\/02\/IMG_2577.jpeg","datePublished":"2026-04-21T14:00:00+00:00","dateModified":"2026-04-22T13:37:39+00:00","breadcrumb":{"@id":"https:\/\/praytellblog.com\/index.php\/2026\/04\/21\/sacrosanctum-concilium-articulo-26\/#breadcrumb"},"inLanguage":"en-US","potentialAction":[{"@type":"ReadAction","target":["https:\/\/praytellblog.com\/index.php\/2026\/04\/21\/sacrosanctum-concilium-articulo-26\/"]}]},{"@type":"ImageObject","inLanguage":"en-US","@id":"https:\/\/praytellblog.com\/index.php\/2026\/04\/21\/sacrosanctum-concilium-articulo-26\/#primaryimage","url":"https:\/\/praytellblog.com\/wp-content\/uploads\/2026\/02\/IMG_2577.jpeg","contentUrl":"https:\/\/praytellblog.com\/wp-content\/uploads\/2026\/02\/IMG_2577.jpeg","width":1447,"height":1441},{"@type":"BreadcrumbList","@id":"https:\/\/praytellblog.com\/index.php\/2026\/04\/21\/sacrosanctum-concilium-articulo-26\/#breadcrumb","itemListElement":[{"@type":"ListItem","position":1,"name":"Home","item":"https:\/\/praytellblog.com\/"},{"@type":"ListItem","position":2,"name":"Sacrosanctum Concilium: Art\u00edculo 26"}]},{"@type":"WebSite","@id":"https:\/\/praytellblog.com\/#website","url":"https:\/\/praytellblog.com\/","name":"Home","description":"Worship, Wit &amp; Wisdom","publisher":{"@id":"https:\/\/praytellblog.com\/#organization"},"potentialAction":[{"@type":"SearchAction","target":{"@type":"EntryPoint","urlTemplate":"https:\/\/praytellblog.com\/?s={search_term_string}"},"query-input":{"@type":"PropertyValueSpecification","valueRequired":true,"valueName":"search_term_string"}}],"inLanguage":"en-US"},{"@type":"Organization","@id":"https:\/\/praytellblog.com\/#organization","name":"Home","url":"https:\/\/praytellblog.com\/","logo":{"@type":"ImageObject","inLanguage":"en-US","@id":"https:\/\/praytellblog.com\/#\/schema\/logo\/image\/","url":"https:\/\/praytellblog.com\/wp-content\/uploads\/2023\/09\/cropped-BlogHeaderFinal2.jpg","contentUrl":"https:\/\/praytellblog.com\/wp-content\/uploads\/2023\/09\/cropped-BlogHeaderFinal2.jpg","width":1340,"height":209,"caption":"Home"},"image":{"@id":"https:\/\/praytellblog.com\/#\/schema\/logo\/image\/"}},{"@type":"Person","@id":"https:\/\/praytellblog.com\/#\/schema\/person\/f168e1f21a846b10966545a5398373d6","name":"praytelladmin","url":"https:\/\/praytellblog.com\/index.php\/author\/praytelladmin\/"}]}},"jetpack_featured_media_url":"https:\/\/praytellblog.com\/wp-content\/uploads\/2026\/02\/IMG_2577.jpeg","jetpack_sharing_enabled":true,"jetpack_likes_enabled":true,"_links":{"self":[{"href":"https:\/\/praytellblog.com\/index.php\/wp-json\/wp\/v2\/posts\/69869","targetHints":{"allow":["GET"]}}],"collection":[{"href":"https:\/\/praytellblog.com\/index.php\/wp-json\/wp\/v2\/posts"}],"about":[{"href":"https:\/\/praytellblog.com\/index.php\/wp-json\/wp\/v2\/types\/post"}],"author":[{"embeddable":true,"href":"https:\/\/praytellblog.com\/index.php\/wp-json\/wp\/v2\/users\/107"}],"replies":[{"embeddable":true,"href":"https:\/\/praytellblog.com\/index.php\/wp-json\/wp\/v2\/comments?post=69869"}],"version-history":[{"count":5,"href":"https:\/\/praytellblog.com\/index.php\/wp-json\/wp\/v2\/posts\/69869\/revisions"}],"predecessor-version":[{"id":69876,"href":"https:\/\/praytellblog.com\/index.php\/wp-json\/wp\/v2\/posts\/69869\/revisions\/69876"}],"wp:featuredmedia":[{"embeddable":true,"href":"https:\/\/praytellblog.com\/index.php\/wp-json\/wp\/v2\/media\/69474"}],"wp:attachment":[{"href":"https:\/\/praytellblog.com\/index.php\/wp-json\/wp\/v2\/media?parent=69869"}],"wp:term":[{"taxonomy":"category","embeddable":true,"href":"https:\/\/praytellblog.com\/index.php\/wp-json\/wp\/v2\/categories?post=69869"},{"taxonomy":"post_tag","embeddable":true,"href":"https:\/\/praytellblog.com\/index.php\/wp-json\/wp\/v2\/tags?post=69869"}],"curies":[{"name":"wp","href":"https:\/\/api.w.org\/{rel}","templated":true}]}}