{"id":69531,"date":"2026-03-31T09:00:00","date_gmt":"2026-03-31T14:00:00","guid":{"rendered":"https:\/\/praytellblog.com\/?p=69531"},"modified":"2026-02-07T12:25:17","modified_gmt":"2026-02-07T18:25:17","slug":"sacrosanctum-concilium-articulo-20","status":"publish","type":"post","link":"https:\/\/praytellblog.com\/index.php\/2026\/03\/31\/sacrosanctum-concilium-articulo-20\/","title":{"rendered":"Sacrosanctum Concilium: Art\u00edculo 20"},"content":{"rendered":"\n<p><em><strong>By Michael Joncas,\u00a0<a href=\"https:\/\/praytellblog.com\/index.php\/2012\/12\/06\/re-reading-sacrosanctum-concilium-article-20\/\">post originally appeared December 6, 2012<\/a>; en espa\u00f1ol, March 31, 2026<\/strong><\/em><\/p>\n\n\n\n<p>[<em>Este art\u00edculo forma parte de una serie que se extender\u00e1 durante todo un a\u00f1o y que revisa el&nbsp;<\/em>Sacrosanctum Concilium<em>. Coincidiendo con los 100 a\u00f1os de renovaci\u00f3n lit\u00fargica en Estados Unidos, respondemos a la invitaci\u00f3n del Papa Le\u00f3n XIV a releer los documentos del Concilio Vaticano II con una perspectiva renovada.&nbsp;<\/em><\/p>\n\n\n\n<p><em>This is part of a year-long series re-examining\u00a0<\/em>Sacrosanctum Concilium<em>.\u00a0 Coinciding with 100 years of liturgical renewal in the United States, we are responding to Pope Leo\u2019s invitation to reread the documents of Vatican II with \u2018fresh eyes.\u2019<\/em>\u00a0<strong>Find the commentary in English\u00a0<a href=\"https:\/\/praytellblog.com\/index.php\/2012\/12\/06\/re-reading-sacrosanctum-concilium-article-20\/\">here<\/a>.<\/strong>]<\/p>\n\n\n\n<p><strong>Texto en lat\u00edn<\/strong><\/p>\n\n\n\n<p><strong>20. Transmissiones actionum sacrarum ope radiophonica et televisifica, praesertim si agatur de Sacro faciendo, discrete ac decore fiant, ductu et sponsione personae idoneae, ad hoc munus ab Episcopis destinatae.<\/strong><\/p>\n\n\n\n<p>Traducci\u00f3n al espa\u00f1ol de la p\u00e1gina oficial del Vaticano:<\/p>\n\n\n\n<p><em>Transmisiones de acciones lit\u00fargicas<\/em><\/p>\n\n\n\n<p><a href=\"https:\/\/www.vatican.va\/archive\/hist_councils\/ii_vatican_council\/documents\/vat-ii_const_19631204_sacrosanctum-concilium_sp.html\"><em>20.<\/em><\/a><em>&nbsp;Las transmisiones radiof\u00f3nicas y televisivas de acciones sagradas, sobre todo si se trata de la celebraci\u00f3n de la Misa, se har\u00e1n discreta y decorosamente, bajo la direcci\u00f3n y responsabilidad de una persona id\u00f3nea a quien los Obispos hayan destinado a este menester.<\/em><\/p>\n\n\n\n<p>Este art\u00edculo simplemente reconoce que la transmisi\u00f3n de una celebraci\u00f3n lit\u00fargica a trav\u00e9s de diversos medios debe realizarse con la debida reverencia. Dado que los Padres Conciliares probablemente no previeron el mundo actual de la comunicaci\u00f3n por internet (como los v\u00eddeos de YouTube, las grabaciones con celular, etc.), no pudieron prever el escaso control que tendr\u00edan sobre la grabaci\u00f3n y la distribuci\u00f3n de los eventos lit\u00fargicos. <\/p>\n\n\n\n<p>Los lectores de\u00a0<em>Pray Tell<\/em>\u00a0podr\u00edan estar interesados \u200b\u200ben explorar el impacto de estos medios en la celebraci\u00f3n lit\u00fargica: en un mundo de \u201ccomunidad virtual\u201d, \u00bfqu\u00e9 implica la exigencia lit\u00fargica de presencia y participaci\u00f3n f\u00edsica en un espacio concreto?<\/p>\n\n\n\n<p><strong>Michael Joncas<\/strong>&nbsp;Ordenado sacerdote en 1980 en la Arquidi\u00f3cesis de St. Paul-Minneapolis, Minnesota, el Padre (Jan) Michael Joncas es licenciado en Filolog\u00eda Inglesa por el (entonces) College of St. Thomas en St. Paul, Minnesota, y en Estudios Lit\u00fargicos por la Universidad de Notre Dame, Indiana, y el Pontificio Instituto Lit\u00fargico del Ateneo S. Anselmo en Roma. Ha ejercido como vicario parroquial, capell\u00e1n universitario y administrador parroquial (p\u00e1rroco). Es autor de seis libros y m\u00e1s de doscientos cincuenta art\u00edculos y rese\u00f1as en revistas como Worship, Ecclesia Orans y Questions Liturgiques. Ha compuesto y arreglado m\u00e1s de 300 piezas de m\u00fasica lit\u00fargica. Se jubil\u00f3 como profesor de los departamentos de Teolog\u00eda y Estudios Cat\u00f3licos, y como Artista Residente e Investigador en Estudios Cat\u00f3licos en la Universidad de St. Thomas, St. Paul, Minnesota.<\/p>\n","protected":false},"excerpt":{"rendered":"<p>REV. MICHAEL JONCAS \u2013Acomp\u00e1\u00f1enos en la relectura del Concilio Sacrosanto, disponible en espa\u00f1ol e ingl\u00e9s \/ Join us in a re-reading of Sacrosanctum Concilium, available in Spanish and English!<\/p>\n","protected":false},"author":107,"featured_media":69474,"comment_status":"open","ping_status":"open","sticky":false,"template":"","format":"standard","meta":{"_jetpack_memberships_contains_paid_content":false,"footnotes":""},"categories":[4353,3814],"tags":[4363,4279,4301],"class_list":["post-69531","post","type-post","status-publish","format-standard","has-post-thumbnail","hentry","category-en-espanol","category-re-reading-sacrosanctum-concilium","tag-comunidad-virtual","tag-liturgia","tag-sacrosanto-concilio"],"yoast_head":"<!-- This site is optimized with the Yoast SEO plugin v27.5 - https:\/\/yoast.com\/product\/yoast-seo-wordpress\/ -->\n<title>Sacrosanctum Concilium: Art\u00edculo 20 - Home<\/title>\n<meta name=\"robots\" content=\"index, follow, max-snippet:-1, max-image-preview:large, max-video-preview:-1\" \/>\n<link rel=\"canonical\" href=\"https:\/\/praytellblog.com\/index.php\/2026\/03\/31\/sacrosanctum-concilium-articulo-20\/\" \/>\n<meta property=\"og:locale\" content=\"en_US\" \/>\n<meta property=\"og:type\" content=\"article\" \/>\n<meta property=\"og:title\" content=\"Sacrosanctum Concilium: Art\u00edculo 20 - Home\" \/>\n<meta property=\"og:description\" content=\"REV. MICHAEL JONCAS \u2013Acomp\u00e1\u00f1enos en la relectura del Concilio Sacrosanto, disponible en espa\u00f1ol e ingl\u00e9s \/ Join us in a re-reading of Sacrosanctum Concilium, available in Spanish and English!\" \/>\n<meta property=\"og:url\" content=\"https:\/\/praytellblog.com\/index.php\/2026\/03\/31\/sacrosanctum-concilium-articulo-20\/\" \/>\n<meta property=\"og:site_name\" content=\"Home\" \/>\n<meta property=\"article:published_time\" content=\"2026-03-31T14:00:00+00:00\" \/>\n<meta property=\"og:image\" content=\"https:\/\/praytellblog.com\/wp-content\/uploads\/2026\/02\/IMG_2577.jpeg\" \/>\n\t<meta property=\"og:image:width\" content=\"1447\" \/>\n\t<meta property=\"og:image:height\" content=\"1441\" \/>\n\t<meta property=\"og:image:type\" content=\"image\/jpeg\" \/>\n<meta name=\"author\" content=\"praytelladmin\" \/>\n<meta name=\"twitter:card\" content=\"summary_large_image\" \/>\n<meta name=\"twitter:label1\" content=\"Written by\" \/>\n\t<meta name=\"twitter:data1\" content=\"praytelladmin\" \/>\n\t<meta name=\"twitter:label2\" content=\"Est. reading time\" \/>\n\t<meta name=\"twitter:data2\" content=\"3 minutes\" \/>\n<script type=\"application\/ld+json\" class=\"yoast-schema-graph\">{\"@context\":\"https:\\\/\\\/schema.org\",\"@graph\":[{\"@type\":\"Article\",\"@id\":\"https:\\\/\\\/praytellblog.com\\\/index.php\\\/2026\\\/03\\\/31\\\/sacrosanctum-concilium-articulo-20\\\/#article\",\"isPartOf\":{\"@id\":\"https:\\\/\\\/praytellblog.com\\\/index.php\\\/2026\\\/03\\\/31\\\/sacrosanctum-concilium-articulo-20\\\/\"},\"author\":{\"name\":\"praytelladmin\",\"@id\":\"https:\\\/\\\/praytellblog.com\\\/#\\\/schema\\\/person\\\/f168e1f21a846b10966545a5398373d6\"},\"headline\":\"Sacrosanctum Concilium: Art\u00edculo 20\",\"datePublished\":\"2026-03-31T14:00:00+00:00\",\"mainEntityOfPage\":{\"@id\":\"https:\\\/\\\/praytellblog.com\\\/index.php\\\/2026\\\/03\\\/31\\\/sacrosanctum-concilium-articulo-20\\\/\"},\"wordCount\":481,\"commentCount\":0,\"publisher\":{\"@id\":\"https:\\\/\\\/praytellblog.com\\\/#organization\"},\"image\":{\"@id\":\"https:\\\/\\\/praytellblog.com\\\/index.php\\\/2026\\\/03\\\/31\\\/sacrosanctum-concilium-articulo-20\\\/#primaryimage\"},\"thumbnailUrl\":\"https:\\\/\\\/praytellblog.com\\\/wp-content\\\/uploads\\\/2026\\\/02\\\/IMG_2577.jpeg\",\"keywords\":[\"Comunidad Virtual\",\"Liturgia\",\"Sacrosanto Concilio\"],\"articleSection\":[\"En Espa\u00f1ol\",\"Re-Reading Sacrosanctum Concilium\"],\"inLanguage\":\"en-US\",\"potentialAction\":[{\"@type\":\"CommentAction\",\"name\":\"Comment\",\"target\":[\"https:\\\/\\\/praytellblog.com\\\/index.php\\\/2026\\\/03\\\/31\\\/sacrosanctum-concilium-articulo-20\\\/#respond\"]}]},{\"@type\":\"WebPage\",\"@id\":\"https:\\\/\\\/praytellblog.com\\\/index.php\\\/2026\\\/03\\\/31\\\/sacrosanctum-concilium-articulo-20\\\/\",\"url\":\"https:\\\/\\\/praytellblog.com\\\/index.php\\\/2026\\\/03\\\/31\\\/sacrosanctum-concilium-articulo-20\\\/\",\"name\":\"Sacrosanctum Concilium: Art\u00edculo 20 - Home\",\"isPartOf\":{\"@id\":\"https:\\\/\\\/praytellblog.com\\\/#website\"},\"primaryImageOfPage\":{\"@id\":\"https:\\\/\\\/praytellblog.com\\\/index.php\\\/2026\\\/03\\\/31\\\/sacrosanctum-concilium-articulo-20\\\/#primaryimage\"},\"image\":{\"@id\":\"https:\\\/\\\/praytellblog.com\\\/index.php\\\/2026\\\/03\\\/31\\\/sacrosanctum-concilium-articulo-20\\\/#primaryimage\"},\"thumbnailUrl\":\"https:\\\/\\\/praytellblog.com\\\/wp-content\\\/uploads\\\/2026\\\/02\\\/IMG_2577.jpeg\",\"datePublished\":\"2026-03-31T14:00:00+00:00\",\"breadcrumb\":{\"@id\":\"https:\\\/\\\/praytellblog.com\\\/index.php\\\/2026\\\/03\\\/31\\\/sacrosanctum-concilium-articulo-20\\\/#breadcrumb\"},\"inLanguage\":\"en-US\",\"potentialAction\":[{\"@type\":\"ReadAction\",\"target\":[\"https:\\\/\\\/praytellblog.com\\\/index.php\\\/2026\\\/03\\\/31\\\/sacrosanctum-concilium-articulo-20\\\/\"]}]},{\"@type\":\"ImageObject\",\"inLanguage\":\"en-US\",\"@id\":\"https:\\\/\\\/praytellblog.com\\\/index.php\\\/2026\\\/03\\\/31\\\/sacrosanctum-concilium-articulo-20\\\/#primaryimage\",\"url\":\"https:\\\/\\\/praytellblog.com\\\/wp-content\\\/uploads\\\/2026\\\/02\\\/IMG_2577.jpeg\",\"contentUrl\":\"https:\\\/\\\/praytellblog.com\\\/wp-content\\\/uploads\\\/2026\\\/02\\\/IMG_2577.jpeg\",\"width\":1447,\"height\":1441},{\"@type\":\"BreadcrumbList\",\"@id\":\"https:\\\/\\\/praytellblog.com\\\/index.php\\\/2026\\\/03\\\/31\\\/sacrosanctum-concilium-articulo-20\\\/#breadcrumb\",\"itemListElement\":[{\"@type\":\"ListItem\",\"position\":1,\"name\":\"Home\",\"item\":\"https:\\\/\\\/praytellblog.com\\\/\"},{\"@type\":\"ListItem\",\"position\":2,\"name\":\"Sacrosanctum Concilium: Art\u00edculo 20\"}]},{\"@type\":\"WebSite\",\"@id\":\"https:\\\/\\\/praytellblog.com\\\/#website\",\"url\":\"https:\\\/\\\/praytellblog.com\\\/\",\"name\":\"Home\",\"description\":\"Worship, Wit &amp; Wisdom\",\"publisher\":{\"@id\":\"https:\\\/\\\/praytellblog.com\\\/#organization\"},\"potentialAction\":[{\"@type\":\"SearchAction\",\"target\":{\"@type\":\"EntryPoint\",\"urlTemplate\":\"https:\\\/\\\/praytellblog.com\\\/?s={search_term_string}\"},\"query-input\":{\"@type\":\"PropertyValueSpecification\",\"valueRequired\":true,\"valueName\":\"search_term_string\"}}],\"inLanguage\":\"en-US\"},{\"@type\":\"Organization\",\"@id\":\"https:\\\/\\\/praytellblog.com\\\/#organization\",\"name\":\"Home\",\"url\":\"https:\\\/\\\/praytellblog.com\\\/\",\"logo\":{\"@type\":\"ImageObject\",\"inLanguage\":\"en-US\",\"@id\":\"https:\\\/\\\/praytellblog.com\\\/#\\\/schema\\\/logo\\\/image\\\/\",\"url\":\"https:\\\/\\\/praytellblog.com\\\/wp-content\\\/uploads\\\/2023\\\/09\\\/cropped-BlogHeaderFinal2.jpg\",\"contentUrl\":\"https:\\\/\\\/praytellblog.com\\\/wp-content\\\/uploads\\\/2023\\\/09\\\/cropped-BlogHeaderFinal2.jpg\",\"width\":1340,\"height\":209,\"caption\":\"Home\"},\"image\":{\"@id\":\"https:\\\/\\\/praytellblog.com\\\/#\\\/schema\\\/logo\\\/image\\\/\"}},{\"@type\":\"Person\",\"@id\":\"https:\\\/\\\/praytellblog.com\\\/#\\\/schema\\\/person\\\/f168e1f21a846b10966545a5398373d6\",\"name\":\"praytelladmin\",\"url\":\"https:\\\/\\\/praytellblog.com\\\/index.php\\\/author\\\/praytelladmin\\\/\"}]}<\/script>\n<!-- \/ Yoast SEO plugin. -->","yoast_head_json":{"title":"Sacrosanctum Concilium: Art\u00edculo 20 - Home","robots":{"index":"index","follow":"follow","max-snippet":"max-snippet:-1","max-image-preview":"max-image-preview:large","max-video-preview":"max-video-preview:-1"},"canonical":"https:\/\/praytellblog.com\/index.php\/2026\/03\/31\/sacrosanctum-concilium-articulo-20\/","og_locale":"en_US","og_type":"article","og_title":"Sacrosanctum Concilium: Art\u00edculo 20 - Home","og_description":"REV. MICHAEL JONCAS \u2013Acomp\u00e1\u00f1enos en la relectura del Concilio Sacrosanto, disponible en espa\u00f1ol e ingl\u00e9s \/ Join us in a re-reading of Sacrosanctum Concilium, available in Spanish and English!","og_url":"https:\/\/praytellblog.com\/index.php\/2026\/03\/31\/sacrosanctum-concilium-articulo-20\/","og_site_name":"Home","article_published_time":"2026-03-31T14:00:00+00:00","og_image":[{"width":1447,"height":1441,"url":"https:\/\/praytellblog.com\/wp-content\/uploads\/2026\/02\/IMG_2577.jpeg","type":"image\/jpeg"}],"author":"praytelladmin","twitter_card":"summary_large_image","twitter_misc":{"Written by":"praytelladmin","Est. reading time":"3 minutes"},"schema":{"@context":"https:\/\/schema.org","@graph":[{"@type":"Article","@id":"https:\/\/praytellblog.com\/index.php\/2026\/03\/31\/sacrosanctum-concilium-articulo-20\/#article","isPartOf":{"@id":"https:\/\/praytellblog.com\/index.php\/2026\/03\/31\/sacrosanctum-concilium-articulo-20\/"},"author":{"name":"praytelladmin","@id":"https:\/\/praytellblog.com\/#\/schema\/person\/f168e1f21a846b10966545a5398373d6"},"headline":"Sacrosanctum Concilium: Art\u00edculo 20","datePublished":"2026-03-31T14:00:00+00:00","mainEntityOfPage":{"@id":"https:\/\/praytellblog.com\/index.php\/2026\/03\/31\/sacrosanctum-concilium-articulo-20\/"},"wordCount":481,"commentCount":0,"publisher":{"@id":"https:\/\/praytellblog.com\/#organization"},"image":{"@id":"https:\/\/praytellblog.com\/index.php\/2026\/03\/31\/sacrosanctum-concilium-articulo-20\/#primaryimage"},"thumbnailUrl":"https:\/\/praytellblog.com\/wp-content\/uploads\/2026\/02\/IMG_2577.jpeg","keywords":["Comunidad Virtual","Liturgia","Sacrosanto Concilio"],"articleSection":["En Espa\u00f1ol","Re-Reading Sacrosanctum Concilium"],"inLanguage":"en-US","potentialAction":[{"@type":"CommentAction","name":"Comment","target":["https:\/\/praytellblog.com\/index.php\/2026\/03\/31\/sacrosanctum-concilium-articulo-20\/#respond"]}]},{"@type":"WebPage","@id":"https:\/\/praytellblog.com\/index.php\/2026\/03\/31\/sacrosanctum-concilium-articulo-20\/","url":"https:\/\/praytellblog.com\/index.php\/2026\/03\/31\/sacrosanctum-concilium-articulo-20\/","name":"Sacrosanctum Concilium: Art\u00edculo 20 - Home","isPartOf":{"@id":"https:\/\/praytellblog.com\/#website"},"primaryImageOfPage":{"@id":"https:\/\/praytellblog.com\/index.php\/2026\/03\/31\/sacrosanctum-concilium-articulo-20\/#primaryimage"},"image":{"@id":"https:\/\/praytellblog.com\/index.php\/2026\/03\/31\/sacrosanctum-concilium-articulo-20\/#primaryimage"},"thumbnailUrl":"https:\/\/praytellblog.com\/wp-content\/uploads\/2026\/02\/IMG_2577.jpeg","datePublished":"2026-03-31T14:00:00+00:00","breadcrumb":{"@id":"https:\/\/praytellblog.com\/index.php\/2026\/03\/31\/sacrosanctum-concilium-articulo-20\/#breadcrumb"},"inLanguage":"en-US","potentialAction":[{"@type":"ReadAction","target":["https:\/\/praytellblog.com\/index.php\/2026\/03\/31\/sacrosanctum-concilium-articulo-20\/"]}]},{"@type":"ImageObject","inLanguage":"en-US","@id":"https:\/\/praytellblog.com\/index.php\/2026\/03\/31\/sacrosanctum-concilium-articulo-20\/#primaryimage","url":"https:\/\/praytellblog.com\/wp-content\/uploads\/2026\/02\/IMG_2577.jpeg","contentUrl":"https:\/\/praytellblog.com\/wp-content\/uploads\/2026\/02\/IMG_2577.jpeg","width":1447,"height":1441},{"@type":"BreadcrumbList","@id":"https:\/\/praytellblog.com\/index.php\/2026\/03\/31\/sacrosanctum-concilium-articulo-20\/#breadcrumb","itemListElement":[{"@type":"ListItem","position":1,"name":"Home","item":"https:\/\/praytellblog.com\/"},{"@type":"ListItem","position":2,"name":"Sacrosanctum Concilium: Art\u00edculo 20"}]},{"@type":"WebSite","@id":"https:\/\/praytellblog.com\/#website","url":"https:\/\/praytellblog.com\/","name":"Home","description":"Worship, Wit &amp; Wisdom","publisher":{"@id":"https:\/\/praytellblog.com\/#organization"},"potentialAction":[{"@type":"SearchAction","target":{"@type":"EntryPoint","urlTemplate":"https:\/\/praytellblog.com\/?s={search_term_string}"},"query-input":{"@type":"PropertyValueSpecification","valueRequired":true,"valueName":"search_term_string"}}],"inLanguage":"en-US"},{"@type":"Organization","@id":"https:\/\/praytellblog.com\/#organization","name":"Home","url":"https:\/\/praytellblog.com\/","logo":{"@type":"ImageObject","inLanguage":"en-US","@id":"https:\/\/praytellblog.com\/#\/schema\/logo\/image\/","url":"https:\/\/praytellblog.com\/wp-content\/uploads\/2023\/09\/cropped-BlogHeaderFinal2.jpg","contentUrl":"https:\/\/praytellblog.com\/wp-content\/uploads\/2023\/09\/cropped-BlogHeaderFinal2.jpg","width":1340,"height":209,"caption":"Home"},"image":{"@id":"https:\/\/praytellblog.com\/#\/schema\/logo\/image\/"}},{"@type":"Person","@id":"https:\/\/praytellblog.com\/#\/schema\/person\/f168e1f21a846b10966545a5398373d6","name":"praytelladmin","url":"https:\/\/praytellblog.com\/index.php\/author\/praytelladmin\/"}]}},"jetpack_featured_media_url":"https:\/\/praytellblog.com\/wp-content\/uploads\/2026\/02\/IMG_2577.jpeg","jetpack_sharing_enabled":true,"jetpack_likes_enabled":true,"_links":{"self":[{"href":"https:\/\/praytellblog.com\/index.php\/wp-json\/wp\/v2\/posts\/69531","targetHints":{"allow":["GET"]}}],"collection":[{"href":"https:\/\/praytellblog.com\/index.php\/wp-json\/wp\/v2\/posts"}],"about":[{"href":"https:\/\/praytellblog.com\/index.php\/wp-json\/wp\/v2\/types\/post"}],"author":[{"embeddable":true,"href":"https:\/\/praytellblog.com\/index.php\/wp-json\/wp\/v2\/users\/107"}],"replies":[{"embeddable":true,"href":"https:\/\/praytellblog.com\/index.php\/wp-json\/wp\/v2\/comments?post=69531"}],"version-history":[{"count":3,"href":"https:\/\/praytellblog.com\/index.php\/wp-json\/wp\/v2\/posts\/69531\/revisions"}],"predecessor-version":[{"id":69534,"href":"https:\/\/praytellblog.com\/index.php\/wp-json\/wp\/v2\/posts\/69531\/revisions\/69534"}],"wp:featuredmedia":[{"embeddable":true,"href":"https:\/\/praytellblog.com\/index.php\/wp-json\/wp\/v2\/media\/69474"}],"wp:attachment":[{"href":"https:\/\/praytellblog.com\/index.php\/wp-json\/wp\/v2\/media?parent=69531"}],"wp:term":[{"taxonomy":"category","embeddable":true,"href":"https:\/\/praytellblog.com\/index.php\/wp-json\/wp\/v2\/categories?post=69531"},{"taxonomy":"post_tag","embeddable":true,"href":"https:\/\/praytellblog.com\/index.php\/wp-json\/wp\/v2\/tags?post=69531"}],"curies":[{"name":"wp","href":"https:\/\/api.w.org\/{rel}","templated":true}]}}