{"id":69527,"date":"2026-03-29T09:00:00","date_gmt":"2026-03-29T14:00:00","guid":{"rendered":"https:\/\/praytellblog.com\/?p=69527"},"modified":"2026-02-07T12:13:09","modified_gmt":"2026-02-07T18:13:09","slug":"sacrosanctum-concilium-articulo-19","status":"publish","type":"post","link":"https:\/\/praytellblog.com\/index.php\/2026\/03\/29\/sacrosanctum-concilium-articulo-19\/","title":{"rendered":"Sacrosanctum Concilium: Art\u00edculo 19"},"content":{"rendered":"\n<p><em><strong>By Michael Joncas,\u00a0<a href=\"https:\/\/praytellblog.com\/index.php\/2012\/12\/03\/re-reading-sacrosanctum-concilium-article-19\/\">post originally appeared December 3, 2012<\/a>; en espa\u00f1ol, March 29, 2026<\/strong><\/em><\/p>\n\n\n\n<p>[<em>Este art\u00edculo forma parte de una serie que se extender\u00e1 durante todo un a\u00f1o y que revisa el&nbsp;<\/em>Sacrosanctum Concilium<em>. Coincidiendo con los 100 a\u00f1os de renovaci\u00f3n lit\u00fargica en Estados Unidos, respondemos a la invitaci\u00f3n del Papa Le\u00f3n XIV a releer los documentos del Concilio Vaticano II con una perspectiva renovada.&nbsp;<\/em><\/p>\n\n\n\n<p><em>This is part of a year-long series re-examining\u00a0<\/em>Sacrosanctum Concilium<em>.\u00a0 Coinciding with 100 years of liturgical renewal in the United States, we are responding to Pope Leo\u2019s invitation to reread the documents of Vatican II with \u2018fresh eyes.\u2019<\/em>\u00a0<strong>Find the commentary in English\u00a0<a href=\"https:\/\/praytellblog.com\/index.php\/2012\/12\/03\/re-reading-sacrosanctum-concilium-article-19\/\">here<\/a>.<\/strong>]<\/p>\n\n\n\n<p><strong>Texto en lat\u00edn<\/strong><\/p>\n\n\n\n<p><strong>19. Liturgicam institutionem necnon actuosam fidelium participationem, internam et externam, iuxta ipsorum aetatem, condicionem, vitae genus et religiosae culturae gradum, animarum pastores sedulo ac patienter prosequantur, unum e praecipuis fidelis mysteriorum Dei dispensatoris muneribus absolventes; et gregem suum hac in re non verbo tantum, sed etiam exemplo ducant.<\/strong><\/p>\n\n\n\n<p>Traducci\u00f3n al espa\u00f1ol de la p\u00e1gina oficial del Vaticano:<\/p>\n\n\n\n<p><em>Formaci\u00f3n lit\u00fargica del pueblo fiel<\/em><\/p>\n\n\n\n<p><a href=\"https:\/\/www.vatican.va\/archive\/hist_councils\/ii_vatican_council\/documents\/vat-ii_const_19631204_sacrosanctum-concilium_sp.html\"><em>19.<\/em><\/a><em>&nbsp;Los pastores de almas fomenten con diligencia y paciencia la educaci\u00f3n lit\u00fargica y la participaci\u00f3n activa de los fieles, interna y externa, conforme a su edad, condici\u00f3n, g\u00e9nero de vida y grado de cultura religiosa, cumpliendo as\u00ed una de las funciones principales del fiel dispensador de los misterios de Dios y, en este punto, gu\u00eden a su reba\u00f1o no s\u00f3lo de palabra, sino tambi\u00e9n con el ejemplo.<\/em><\/p>\n\n\n\n<p>Tras haber considerado sucesivamente la educaci\u00f3n y la formaci\u00f3n lit\u00fargica de los seminaristas y sus equivalentes, as\u00ed como del clero en activo, los Padres Conciliares encomiendan al clero la educaci\u00f3n y la formaci\u00f3n lit\u00fargica de los laicos en el art\u00edculo 19. Este es un proceso que anteriormente he denominado la teor\u00eda de la \u201ctransmisi\u00f3n descendente\u201d de la formaci\u00f3n lit\u00fargica. Cabe destacar que clasifican la \u201cparticipaci\u00f3n activa\u201d como un concepto con componentes tanto externos como internos. Con acierto, recuerdan a los pastores que no existe un programa de educaci\u00f3n \/ formaci\u00f3n lit\u00fargica universal, sino que las iniciativas en la liturgia pastoral deben tener en cuenta la gran diversidad de formaci\u00f3n acad\u00e9mica, intereses y profundidad de la catequesis \/ mistagog\u00eda de los fieles. Finalmente, insisten en que la liturgia pastoral ser\u00e1 ineficaz si se reduce a un mero \u201chagan lo que digo, no lo que hago\u201d por parte del clero.<\/p>\n\n\n\n<p>Los lectores de&nbsp;<em>Pray Tell<\/em>&nbsp;podr\u00edan considerar:&nbsp;<\/p>\n\n\n\n<p>1) La eficacia con la que el clero ha asumido esta tarea de educaci\u00f3n y formaci\u00f3n lit\u00fargica en los\u00a0\u00faltimos a\u00f1os, y si se pueden identificar algunas tendencias.\u00a0<\/p>\n\n\n\n<p>2) \u00bfQu\u00e9 medios se han probado y han resultado eficaces para dicha educaci\u00f3n y formaci\u00f3n de los fieles y qu\u00e9 otros medios podr\u00edan implementarse?&nbsp;<\/p>\n\n\n\n<p>3) \u00bfA qu\u00e9 personas o instituciones podr\u00eda el clero delegar esta responsabilidad? (Pienso, por ejemplo, en la extraordinaria labor que realizaron las religiosas en la educaci\u00f3n y formaci\u00f3n lit\u00fargica de los estudiantes en las escuelas cat\u00f3licas y en la labor de los catequistas en diversos \u00e1mbitos).<\/p>\n\n\n\n<p>4) \u00bfCu\u00e1l podr\u00eda ser la educaci\u00f3n \/ formaci\u00f3n ideal y la m\u00ednima necesaria para las diversas categor\u00edas de fieles? Por ejemplo, para los adoradores en general de diferentes edades; cantores e instrumentistas en conjuntos \/ coros de m\u00fasica sacra; directores de ministerios musicales; lectores (encargados de la proclamaci\u00f3n de la Palabra de Dios en las celebraciones lit\u00fargicas); ac\u00f3litos; ministros de la Sagrada Comuni\u00f3n; ujieres \/ ministros de la hospitalidad; responsables del embellecimiento de los lugares de culto; miembros de los equipos de planificaci\u00f3n; miembros de los comit\u00e9s de liturgia parroquial, etc.\u00a0<\/p>\n\n\n\n<p>5) \u00bfC\u00f3mo se puede llevar a cabo y lograr de la mejor manera esta educaci\u00f3n \/ formaci\u00f3n lit\u00fargica en las circunstancias actuales?<\/p>\n\n\n\n<p><strong>Michael Joncas<\/strong>\u00a0Ordenado sacerdote en 1980 en la Arquidi\u00f3cesis de St. Paul-Minneapolis, Minnesota, el Padre (Jan) Michael Joncas es licenciado en Filolog\u00eda Inglesa por el (entonces) College of St. Thomas en St. Paul, Minnesota, y en Estudios Lit\u00fargicos por la Universidad de Notre Dame, Indiana, y el Pontificio Instituto Lit\u00fargico del Ateneo S. Anselmo en Roma. Ha ejercido como vicario parroquial, capell\u00e1n universitario y administrador parroquial (p\u00e1rroco). Es autor de seis libros y m\u00e1s de doscientos cincuenta art\u00edculos y rese\u00f1as en revistas como Worship, Ecclesia Orans y Questions Liturgiques. Ha compuesto y arreglado m\u00e1s de 300 piezas de m\u00fasica lit\u00fargica. Se jubil\u00f3 como profesor de los departamentos de Teolog\u00eda y Estudios Cat\u00f3licos, y como Artista Residente e Investigador en Estudios Cat\u00f3licos en la Universidad de St. Thomas, St. Paul, Minnesota.<\/p>\n","protected":false},"excerpt":{"rendered":"<p>REV. MICHAEL JONCAS \u2013Acomp\u00e1\u00f1enos en la relectura del Concilio Sacrosanto, disponible en espa\u00f1ol e ingl\u00e9s \/ Join us in a re-reading of Sacrosanctum Concilium, available in Spanish and English!<\/p>\n","protected":false},"author":107,"featured_media":69474,"comment_status":"open","ping_status":"open","sticky":false,"template":"","format":"standard","meta":{"_jetpack_memberships_contains_paid_content":false,"footnotes":""},"categories":[4353,3814],"tags":[4362,4345,4358,4279,4301],"class_list":["post-69527","post","type-post","status-publish","format-standard","has-post-thumbnail","hentry","category-en-espanol","category-re-reading-sacrosanctum-concilium","tag-catequesis","tag-clero","tag-formacion-liturgica","tag-liturgia","tag-sacrosanto-concilio"],"yoast_head":"<!-- This site is optimized with the Yoast SEO plugin v27.5 - https:\/\/yoast.com\/product\/yoast-seo-wordpress\/ -->\n<title>Sacrosanctum Concilium: Art\u00edculo 19 - Home<\/title>\n<meta name=\"robots\" content=\"index, follow, max-snippet:-1, max-image-preview:large, max-video-preview:-1\" \/>\n<link rel=\"canonical\" href=\"https:\/\/praytellblog.com\/index.php\/2026\/03\/29\/sacrosanctum-concilium-articulo-19\/\" \/>\n<meta property=\"og:locale\" content=\"en_US\" \/>\n<meta property=\"og:type\" content=\"article\" \/>\n<meta property=\"og:title\" content=\"Sacrosanctum Concilium: Art\u00edculo 19 - Home\" \/>\n<meta property=\"og:description\" content=\"REV. MICHAEL JONCAS \u2013Acomp\u00e1\u00f1enos en la relectura del Concilio Sacrosanto, disponible en espa\u00f1ol e ingl\u00e9s \/ Join us in a re-reading of Sacrosanctum Concilium, available in Spanish and English!\" \/>\n<meta property=\"og:url\" content=\"https:\/\/praytellblog.com\/index.php\/2026\/03\/29\/sacrosanctum-concilium-articulo-19\/\" \/>\n<meta property=\"og:site_name\" content=\"Home\" \/>\n<meta property=\"article:published_time\" content=\"2026-03-29T14:00:00+00:00\" \/>\n<meta property=\"og:image\" content=\"https:\/\/praytellblog.com\/wp-content\/uploads\/2026\/02\/IMG_2577.jpeg\" \/>\n\t<meta property=\"og:image:width\" content=\"1447\" \/>\n\t<meta property=\"og:image:height\" content=\"1441\" \/>\n\t<meta property=\"og:image:type\" content=\"image\/jpeg\" \/>\n<meta name=\"author\" content=\"praytelladmin\" \/>\n<meta name=\"twitter:card\" content=\"summary_large_image\" \/>\n<meta name=\"twitter:label1\" content=\"Written by\" \/>\n\t<meta name=\"twitter:data1\" content=\"praytelladmin\" \/>\n\t<meta name=\"twitter:label2\" content=\"Est. reading time\" \/>\n\t<meta name=\"twitter:data2\" content=\"4 minutes\" \/>\n<script type=\"application\/ld+json\" class=\"yoast-schema-graph\">{\"@context\":\"https:\\\/\\\/schema.org\",\"@graph\":[{\"@type\":\"Article\",\"@id\":\"https:\\\/\\\/praytellblog.com\\\/index.php\\\/2026\\\/03\\\/29\\\/sacrosanctum-concilium-articulo-19\\\/#article\",\"isPartOf\":{\"@id\":\"https:\\\/\\\/praytellblog.com\\\/index.php\\\/2026\\\/03\\\/29\\\/sacrosanctum-concilium-articulo-19\\\/\"},\"author\":{\"name\":\"praytelladmin\",\"@id\":\"https:\\\/\\\/praytellblog.com\\\/#\\\/schema\\\/person\\\/f168e1f21a846b10966545a5398373d6\"},\"headline\":\"Sacrosanctum Concilium: Art\u00edculo 19\",\"datePublished\":\"2026-03-29T14:00:00+00:00\",\"mainEntityOfPage\":{\"@id\":\"https:\\\/\\\/praytellblog.com\\\/index.php\\\/2026\\\/03\\\/29\\\/sacrosanctum-concilium-articulo-19\\\/\"},\"wordCount\":814,\"commentCount\":0,\"publisher\":{\"@id\":\"https:\\\/\\\/praytellblog.com\\\/#organization\"},\"image\":{\"@id\":\"https:\\\/\\\/praytellblog.com\\\/index.php\\\/2026\\\/03\\\/29\\\/sacrosanctum-concilium-articulo-19\\\/#primaryimage\"},\"thumbnailUrl\":\"https:\\\/\\\/praytellblog.com\\\/wp-content\\\/uploads\\\/2026\\\/02\\\/IMG_2577.jpeg\",\"keywords\":[\"Catequesis\",\"Clero\",\"Formaci\u00f3n Lit\u00fargica\",\"Liturgia\",\"Sacrosanto Concilio\"],\"articleSection\":[\"En Espa\u00f1ol\",\"Re-Reading Sacrosanctum Concilium\"],\"inLanguage\":\"en-US\",\"potentialAction\":[{\"@type\":\"CommentAction\",\"name\":\"Comment\",\"target\":[\"https:\\\/\\\/praytellblog.com\\\/index.php\\\/2026\\\/03\\\/29\\\/sacrosanctum-concilium-articulo-19\\\/#respond\"]}]},{\"@type\":\"WebPage\",\"@id\":\"https:\\\/\\\/praytellblog.com\\\/index.php\\\/2026\\\/03\\\/29\\\/sacrosanctum-concilium-articulo-19\\\/\",\"url\":\"https:\\\/\\\/praytellblog.com\\\/index.php\\\/2026\\\/03\\\/29\\\/sacrosanctum-concilium-articulo-19\\\/\",\"name\":\"Sacrosanctum Concilium: Art\u00edculo 19 - Home\",\"isPartOf\":{\"@id\":\"https:\\\/\\\/praytellblog.com\\\/#website\"},\"primaryImageOfPage\":{\"@id\":\"https:\\\/\\\/praytellblog.com\\\/index.php\\\/2026\\\/03\\\/29\\\/sacrosanctum-concilium-articulo-19\\\/#primaryimage\"},\"image\":{\"@id\":\"https:\\\/\\\/praytellblog.com\\\/index.php\\\/2026\\\/03\\\/29\\\/sacrosanctum-concilium-articulo-19\\\/#primaryimage\"},\"thumbnailUrl\":\"https:\\\/\\\/praytellblog.com\\\/wp-content\\\/uploads\\\/2026\\\/02\\\/IMG_2577.jpeg\",\"datePublished\":\"2026-03-29T14:00:00+00:00\",\"breadcrumb\":{\"@id\":\"https:\\\/\\\/praytellblog.com\\\/index.php\\\/2026\\\/03\\\/29\\\/sacrosanctum-concilium-articulo-19\\\/#breadcrumb\"},\"inLanguage\":\"en-US\",\"potentialAction\":[{\"@type\":\"ReadAction\",\"target\":[\"https:\\\/\\\/praytellblog.com\\\/index.php\\\/2026\\\/03\\\/29\\\/sacrosanctum-concilium-articulo-19\\\/\"]}]},{\"@type\":\"ImageObject\",\"inLanguage\":\"en-US\",\"@id\":\"https:\\\/\\\/praytellblog.com\\\/index.php\\\/2026\\\/03\\\/29\\\/sacrosanctum-concilium-articulo-19\\\/#primaryimage\",\"url\":\"https:\\\/\\\/praytellblog.com\\\/wp-content\\\/uploads\\\/2026\\\/02\\\/IMG_2577.jpeg\",\"contentUrl\":\"https:\\\/\\\/praytellblog.com\\\/wp-content\\\/uploads\\\/2026\\\/02\\\/IMG_2577.jpeg\",\"width\":1447,\"height\":1441},{\"@type\":\"BreadcrumbList\",\"@id\":\"https:\\\/\\\/praytellblog.com\\\/index.php\\\/2026\\\/03\\\/29\\\/sacrosanctum-concilium-articulo-19\\\/#breadcrumb\",\"itemListElement\":[{\"@type\":\"ListItem\",\"position\":1,\"name\":\"Home\",\"item\":\"https:\\\/\\\/praytellblog.com\\\/\"},{\"@type\":\"ListItem\",\"position\":2,\"name\":\"Sacrosanctum Concilium: Art\u00edculo 19\"}]},{\"@type\":\"WebSite\",\"@id\":\"https:\\\/\\\/praytellblog.com\\\/#website\",\"url\":\"https:\\\/\\\/praytellblog.com\\\/\",\"name\":\"Home\",\"description\":\"Worship, Wit &amp; Wisdom\",\"publisher\":{\"@id\":\"https:\\\/\\\/praytellblog.com\\\/#organization\"},\"potentialAction\":[{\"@type\":\"SearchAction\",\"target\":{\"@type\":\"EntryPoint\",\"urlTemplate\":\"https:\\\/\\\/praytellblog.com\\\/?s={search_term_string}\"},\"query-input\":{\"@type\":\"PropertyValueSpecification\",\"valueRequired\":true,\"valueName\":\"search_term_string\"}}],\"inLanguage\":\"en-US\"},{\"@type\":\"Organization\",\"@id\":\"https:\\\/\\\/praytellblog.com\\\/#organization\",\"name\":\"Home\",\"url\":\"https:\\\/\\\/praytellblog.com\\\/\",\"logo\":{\"@type\":\"ImageObject\",\"inLanguage\":\"en-US\",\"@id\":\"https:\\\/\\\/praytellblog.com\\\/#\\\/schema\\\/logo\\\/image\\\/\",\"url\":\"https:\\\/\\\/praytellblog.com\\\/wp-content\\\/uploads\\\/2023\\\/09\\\/cropped-BlogHeaderFinal2.jpg\",\"contentUrl\":\"https:\\\/\\\/praytellblog.com\\\/wp-content\\\/uploads\\\/2023\\\/09\\\/cropped-BlogHeaderFinal2.jpg\",\"width\":1340,\"height\":209,\"caption\":\"Home\"},\"image\":{\"@id\":\"https:\\\/\\\/praytellblog.com\\\/#\\\/schema\\\/logo\\\/image\\\/\"}},{\"@type\":\"Person\",\"@id\":\"https:\\\/\\\/praytellblog.com\\\/#\\\/schema\\\/person\\\/f168e1f21a846b10966545a5398373d6\",\"name\":\"praytelladmin\",\"url\":\"https:\\\/\\\/praytellblog.com\\\/index.php\\\/author\\\/praytelladmin\\\/\"}]}<\/script>\n<!-- \/ Yoast SEO plugin. -->","yoast_head_json":{"title":"Sacrosanctum Concilium: Art\u00edculo 19 - Home","robots":{"index":"index","follow":"follow","max-snippet":"max-snippet:-1","max-image-preview":"max-image-preview:large","max-video-preview":"max-video-preview:-1"},"canonical":"https:\/\/praytellblog.com\/index.php\/2026\/03\/29\/sacrosanctum-concilium-articulo-19\/","og_locale":"en_US","og_type":"article","og_title":"Sacrosanctum Concilium: Art\u00edculo 19 - Home","og_description":"REV. MICHAEL JONCAS \u2013Acomp\u00e1\u00f1enos en la relectura del Concilio Sacrosanto, disponible en espa\u00f1ol e ingl\u00e9s \/ Join us in a re-reading of Sacrosanctum Concilium, available in Spanish and English!","og_url":"https:\/\/praytellblog.com\/index.php\/2026\/03\/29\/sacrosanctum-concilium-articulo-19\/","og_site_name":"Home","article_published_time":"2026-03-29T14:00:00+00:00","og_image":[{"width":1447,"height":1441,"url":"https:\/\/praytellblog.com\/wp-content\/uploads\/2026\/02\/IMG_2577.jpeg","type":"image\/jpeg"}],"author":"praytelladmin","twitter_card":"summary_large_image","twitter_misc":{"Written by":"praytelladmin","Est. reading time":"4 minutes"},"schema":{"@context":"https:\/\/schema.org","@graph":[{"@type":"Article","@id":"https:\/\/praytellblog.com\/index.php\/2026\/03\/29\/sacrosanctum-concilium-articulo-19\/#article","isPartOf":{"@id":"https:\/\/praytellblog.com\/index.php\/2026\/03\/29\/sacrosanctum-concilium-articulo-19\/"},"author":{"name":"praytelladmin","@id":"https:\/\/praytellblog.com\/#\/schema\/person\/f168e1f21a846b10966545a5398373d6"},"headline":"Sacrosanctum Concilium: Art\u00edculo 19","datePublished":"2026-03-29T14:00:00+00:00","mainEntityOfPage":{"@id":"https:\/\/praytellblog.com\/index.php\/2026\/03\/29\/sacrosanctum-concilium-articulo-19\/"},"wordCount":814,"commentCount":0,"publisher":{"@id":"https:\/\/praytellblog.com\/#organization"},"image":{"@id":"https:\/\/praytellblog.com\/index.php\/2026\/03\/29\/sacrosanctum-concilium-articulo-19\/#primaryimage"},"thumbnailUrl":"https:\/\/praytellblog.com\/wp-content\/uploads\/2026\/02\/IMG_2577.jpeg","keywords":["Catequesis","Clero","Formaci\u00f3n Lit\u00fargica","Liturgia","Sacrosanto Concilio"],"articleSection":["En Espa\u00f1ol","Re-Reading Sacrosanctum Concilium"],"inLanguage":"en-US","potentialAction":[{"@type":"CommentAction","name":"Comment","target":["https:\/\/praytellblog.com\/index.php\/2026\/03\/29\/sacrosanctum-concilium-articulo-19\/#respond"]}]},{"@type":"WebPage","@id":"https:\/\/praytellblog.com\/index.php\/2026\/03\/29\/sacrosanctum-concilium-articulo-19\/","url":"https:\/\/praytellblog.com\/index.php\/2026\/03\/29\/sacrosanctum-concilium-articulo-19\/","name":"Sacrosanctum Concilium: Art\u00edculo 19 - Home","isPartOf":{"@id":"https:\/\/praytellblog.com\/#website"},"primaryImageOfPage":{"@id":"https:\/\/praytellblog.com\/index.php\/2026\/03\/29\/sacrosanctum-concilium-articulo-19\/#primaryimage"},"image":{"@id":"https:\/\/praytellblog.com\/index.php\/2026\/03\/29\/sacrosanctum-concilium-articulo-19\/#primaryimage"},"thumbnailUrl":"https:\/\/praytellblog.com\/wp-content\/uploads\/2026\/02\/IMG_2577.jpeg","datePublished":"2026-03-29T14:00:00+00:00","breadcrumb":{"@id":"https:\/\/praytellblog.com\/index.php\/2026\/03\/29\/sacrosanctum-concilium-articulo-19\/#breadcrumb"},"inLanguage":"en-US","potentialAction":[{"@type":"ReadAction","target":["https:\/\/praytellblog.com\/index.php\/2026\/03\/29\/sacrosanctum-concilium-articulo-19\/"]}]},{"@type":"ImageObject","inLanguage":"en-US","@id":"https:\/\/praytellblog.com\/index.php\/2026\/03\/29\/sacrosanctum-concilium-articulo-19\/#primaryimage","url":"https:\/\/praytellblog.com\/wp-content\/uploads\/2026\/02\/IMG_2577.jpeg","contentUrl":"https:\/\/praytellblog.com\/wp-content\/uploads\/2026\/02\/IMG_2577.jpeg","width":1447,"height":1441},{"@type":"BreadcrumbList","@id":"https:\/\/praytellblog.com\/index.php\/2026\/03\/29\/sacrosanctum-concilium-articulo-19\/#breadcrumb","itemListElement":[{"@type":"ListItem","position":1,"name":"Home","item":"https:\/\/praytellblog.com\/"},{"@type":"ListItem","position":2,"name":"Sacrosanctum Concilium: Art\u00edculo 19"}]},{"@type":"WebSite","@id":"https:\/\/praytellblog.com\/#website","url":"https:\/\/praytellblog.com\/","name":"Home","description":"Worship, Wit &amp; Wisdom","publisher":{"@id":"https:\/\/praytellblog.com\/#organization"},"potentialAction":[{"@type":"SearchAction","target":{"@type":"EntryPoint","urlTemplate":"https:\/\/praytellblog.com\/?s={search_term_string}"},"query-input":{"@type":"PropertyValueSpecification","valueRequired":true,"valueName":"search_term_string"}}],"inLanguage":"en-US"},{"@type":"Organization","@id":"https:\/\/praytellblog.com\/#organization","name":"Home","url":"https:\/\/praytellblog.com\/","logo":{"@type":"ImageObject","inLanguage":"en-US","@id":"https:\/\/praytellblog.com\/#\/schema\/logo\/image\/","url":"https:\/\/praytellblog.com\/wp-content\/uploads\/2023\/09\/cropped-BlogHeaderFinal2.jpg","contentUrl":"https:\/\/praytellblog.com\/wp-content\/uploads\/2023\/09\/cropped-BlogHeaderFinal2.jpg","width":1340,"height":209,"caption":"Home"},"image":{"@id":"https:\/\/praytellblog.com\/#\/schema\/logo\/image\/"}},{"@type":"Person","@id":"https:\/\/praytellblog.com\/#\/schema\/person\/f168e1f21a846b10966545a5398373d6","name":"praytelladmin","url":"https:\/\/praytellblog.com\/index.php\/author\/praytelladmin\/"}]}},"jetpack_featured_media_url":"https:\/\/praytellblog.com\/wp-content\/uploads\/2026\/02\/IMG_2577.jpeg","jetpack_sharing_enabled":true,"jetpack_likes_enabled":true,"_links":{"self":[{"href":"https:\/\/praytellblog.com\/index.php\/wp-json\/wp\/v2\/posts\/69527","targetHints":{"allow":["GET"]}}],"collection":[{"href":"https:\/\/praytellblog.com\/index.php\/wp-json\/wp\/v2\/posts"}],"about":[{"href":"https:\/\/praytellblog.com\/index.php\/wp-json\/wp\/v2\/types\/post"}],"author":[{"embeddable":true,"href":"https:\/\/praytellblog.com\/index.php\/wp-json\/wp\/v2\/users\/107"}],"replies":[{"embeddable":true,"href":"https:\/\/praytellblog.com\/index.php\/wp-json\/wp\/v2\/comments?post=69527"}],"version-history":[{"count":3,"href":"https:\/\/praytellblog.com\/index.php\/wp-json\/wp\/v2\/posts\/69527\/revisions"}],"predecessor-version":[{"id":69530,"href":"https:\/\/praytellblog.com\/index.php\/wp-json\/wp\/v2\/posts\/69527\/revisions\/69530"}],"wp:featuredmedia":[{"embeddable":true,"href":"https:\/\/praytellblog.com\/index.php\/wp-json\/wp\/v2\/media\/69474"}],"wp:attachment":[{"href":"https:\/\/praytellblog.com\/index.php\/wp-json\/wp\/v2\/media?parent=69527"}],"wp:term":[{"taxonomy":"category","embeddable":true,"href":"https:\/\/praytellblog.com\/index.php\/wp-json\/wp\/v2\/categories?post=69527"},{"taxonomy":"post_tag","embeddable":true,"href":"https:\/\/praytellblog.com\/index.php\/wp-json\/wp\/v2\/tags?post=69527"}],"curies":[{"name":"wp","href":"https:\/\/api.w.org\/{rel}","templated":true}]}}