{"id":64436,"date":"2024-06-25T11:31:45","date_gmt":"2024-06-25T16:31:45","guid":{"rendered":"https:\/\/praytellblog.com\/?p=64436"},"modified":"2024-06-25T11:31:47","modified_gmt":"2024-06-25T16:31:47","slug":"vestments-for-the-reopening-of-notre-dame-in-paris","status":"publish","type":"post","link":"https:\/\/praytellblog.com\/index.php\/2024\/06\/25\/vestments-for-the-reopening-of-notre-dame-in-paris\/","title":{"rendered":"Vestments for the Reopening of Notre Dame in Paris"},"content":{"rendered":"\n<p>The Cath\u00e9drale Notre-Dame de Paris on its official Facebook page recently <a href=\"https:\/\/www.facebook.com\/cathedrale.notredamedeparis\/posts\/778619747787337?ref=embed_post\">posted<\/a> drawings of the vestments that will be used for the reopening mass of the cathedral. Jean-Charles de Castelbajac was chosen to design the vestments. Check out their post, but here is the overall design sketch for the vestments:<\/p>\n\n\n\n<figure class=\"wp-block-image size-large\"><img loading=\"lazy\" decoding=\"async\" width=\"444\" height=\"400\" src=\"https:\/\/praytellblog.com\/wp-content\/uploads\/2024\/06\/448778786_778619607787351_3319461944764244509_n-1-444x400.jpg\" alt=\"\" class=\"wp-image-64446\" srcset=\"https:\/\/praytellblog.com\/wp-content\/uploads\/2024\/06\/448778786_778619607787351_3319461944764244509_n-1-444x400.jpg 444w, https:\/\/praytellblog.com\/wp-content\/uploads\/2024\/06\/448778786_778619607787351_3319461944764244509_n-1-300x270.jpg 300w, https:\/\/praytellblog.com\/wp-content\/uploads\/2024\/06\/448778786_778619607787351_3319461944764244509_n-1-768x691.jpg 768w, https:\/\/praytellblog.com\/wp-content\/uploads\/2024\/06\/448778786_778619607787351_3319461944764244509_n-1.jpg 1200w\" sizes=\"auto, (max-width: 444px) 100vw, 444px\" \/><\/figure>\n\n\n\n<p>Here are the closeups of the vestments for the Archbishop (Archev\u00eaque), other bishops (\u00e9v\u00eaques), and some of the priests (pr\u00eatres):<\/p>\n\n\n\n<figure class=\"wp-block-image size-large\"><img loading=\"lazy\" decoding=\"async\" width=\"444\" height=\"400\" src=\"https:\/\/praytellblog.com\/wp-content\/uploads\/2024\/06\/448696358_778619657787346_6960847064441671096_n-444x400.jpg\" alt=\"\" class=\"wp-image-64439\" srcset=\"https:\/\/praytellblog.com\/wp-content\/uploads\/2024\/06\/448696358_778619657787346_6960847064441671096_n-444x400.jpg 444w, https:\/\/praytellblog.com\/wp-content\/uploads\/2024\/06\/448696358_778619657787346_6960847064441671096_n-300x270.jpg 300w, https:\/\/praytellblog.com\/wp-content\/uploads\/2024\/06\/448696358_778619657787346_6960847064441671096_n-768x691.jpg 768w, https:\/\/praytellblog.com\/wp-content\/uploads\/2024\/06\/448696358_778619657787346_6960847064441671096_n.jpg 1200w\" sizes=\"auto, (max-width: 444px) 100vw, 444px\" \/><\/figure>\n\n\n\n<figure class=\"wp-block-image size-large\"><img loading=\"lazy\" decoding=\"async\" width=\"444\" height=\"400\" src=\"https:\/\/praytellblog.com\/wp-content\/uploads\/2024\/06\/448782648_778619637787348_1548884236668874350_n-444x400.jpg\" alt=\"\" class=\"wp-image-64441\" srcset=\"https:\/\/praytellblog.com\/wp-content\/uploads\/2024\/06\/448782648_778619637787348_1548884236668874350_n-444x400.jpg 444w, https:\/\/praytellblog.com\/wp-content\/uploads\/2024\/06\/448782648_778619637787348_1548884236668874350_n-300x270.jpg 300w, https:\/\/praytellblog.com\/wp-content\/uploads\/2024\/06\/448782648_778619637787348_1548884236668874350_n-768x691.jpg 768w, https:\/\/praytellblog.com\/wp-content\/uploads\/2024\/06\/448782648_778619637787348_1548884236668874350_n.jpg 1200w\" sizes=\"auto, (max-width: 444px) 100vw, 444px\" \/><\/figure>\n\n\n\n<figure class=\"wp-block-image size-large\"><img loading=\"lazy\" decoding=\"async\" width=\"444\" height=\"400\" src=\"https:\/\/praytellblog.com\/wp-content\/uploads\/2024\/06\/448737957_778619581120687_2575901097396398067_n-444x400.jpg\" alt=\"\" class=\"wp-image-64442\" srcset=\"https:\/\/praytellblog.com\/wp-content\/uploads\/2024\/06\/448737957_778619581120687_2575901097396398067_n-444x400.jpg 444w, https:\/\/praytellblog.com\/wp-content\/uploads\/2024\/06\/448737957_778619581120687_2575901097396398067_n-300x270.jpg 300w, https:\/\/praytellblog.com\/wp-content\/uploads\/2024\/06\/448737957_778619581120687_2575901097396398067_n-768x691.jpg 768w, https:\/\/praytellblog.com\/wp-content\/uploads\/2024\/06\/448737957_778619581120687_2575901097396398067_n.jpg 1200w\" sizes=\"auto, (max-width: 444px) 100vw, 444px\" \/><\/figure>\n","protected":false},"excerpt":{"rendered":"<p>NATHAN P. CHASE &#8211; Here are the sketches for the vestments that will be used in the reopening mass.<\/p>\n","protected":false},"author":51,"featured_media":64445,"comment_status":"closed","ping_status":"open","sticky":false,"template":"","format":"standard","meta":{"_jetpack_memberships_contains_paid_content":false,"footnotes":""},"categories":[1],"tags":[],"class_list":["post-64436","post","type-post","status-publish","format-standard","has-post-thumbnail","hentry","category-uncategorized"],"yoast_head":"<!-- This site is optimized with the Yoast SEO plugin v27.5 - https:\/\/yoast.com\/product\/yoast-seo-wordpress\/ -->\n<title>Vestments for the Reopening of Notre Dame in Paris - Home<\/title>\n<meta name=\"robots\" content=\"index, follow, max-snippet:-1, max-image-preview:large, max-video-preview:-1\" \/>\n<link rel=\"canonical\" href=\"https:\/\/praytellblog.com\/index.php\/2024\/06\/25\/vestments-for-the-reopening-of-notre-dame-in-paris\/\" \/>\n<meta property=\"og:locale\" content=\"en_US\" \/>\n<meta property=\"og:type\" content=\"article\" \/>\n<meta property=\"og:title\" content=\"Vestments for the Reopening of Notre Dame in Paris - Home\" \/>\n<meta property=\"og:description\" content=\"NATHAN P. CHASE - Here are the sketches for the vestments that will be used in the reopening mass.\" \/>\n<meta property=\"og:url\" content=\"https:\/\/praytellblog.com\/index.php\/2024\/06\/25\/vestments-for-the-reopening-of-notre-dame-in-paris\/\" \/>\n<meta property=\"og:site_name\" content=\"Home\" \/>\n<meta property=\"article:published_time\" content=\"2024-06-25T16:31:45+00:00\" \/>\n<meta property=\"article:modified_time\" content=\"2024-06-25T16:31:47+00:00\" \/>\n<meta property=\"og:image\" content=\"https:\/\/praytellblog.com\/wp-content\/uploads\/2024\/06\/448810980_778619601120685_5243225870665276139_n.jpg\" \/>\n\t<meta property=\"og:image:width\" content=\"1200\" \/>\n\t<meta property=\"og:image:height\" content=\"1080\" \/>\n\t<meta property=\"og:image:type\" content=\"image\/jpeg\" \/>\n<meta name=\"author\" content=\"Nathan Chase\" \/>\n<meta name=\"twitter:card\" content=\"summary_large_image\" \/>\n<meta name=\"twitter:creator\" content=\"@nchase\" \/>\n<meta name=\"twitter:label1\" content=\"Written by\" \/>\n\t<meta name=\"twitter:data1\" content=\"Nathan Chase\" \/>\n\t<meta name=\"twitter:label2\" content=\"Est. reading time\" \/>\n\t<meta name=\"twitter:data2\" content=\"2 minutes\" \/>\n<script type=\"application\/ld+json\" class=\"yoast-schema-graph\">{\"@context\":\"https:\\\/\\\/schema.org\",\"@graph\":[{\"@type\":\"Article\",\"@id\":\"https:\\\/\\\/praytellblog.com\\\/index.php\\\/2024\\\/06\\\/25\\\/vestments-for-the-reopening-of-notre-dame-in-paris\\\/#article\",\"isPartOf\":{\"@id\":\"https:\\\/\\\/praytellblog.com\\\/index.php\\\/2024\\\/06\\\/25\\\/vestments-for-the-reopening-of-notre-dame-in-paris\\\/\"},\"author\":{\"name\":\"Nathan Chase\",\"@id\":\"https:\\\/\\\/praytellblog.com\\\/#\\\/schema\\\/person\\\/16fe14cc3fae6a9d88483ff64130bbe2\"},\"headline\":\"Vestments for the Reopening of Notre Dame in Paris\",\"datePublished\":\"2024-06-25T16:31:45+00:00\",\"dateModified\":\"2024-06-25T16:31:47+00:00\",\"mainEntityOfPage\":{\"@id\":\"https:\\\/\\\/praytellblog.com\\\/index.php\\\/2024\\\/06\\\/25\\\/vestments-for-the-reopening-of-notre-dame-in-paris\\\/\"},\"wordCount\":83,\"publisher\":{\"@id\":\"https:\\\/\\\/praytellblog.com\\\/#organization\"},\"image\":{\"@id\":\"https:\\\/\\\/praytellblog.com\\\/index.php\\\/2024\\\/06\\\/25\\\/vestments-for-the-reopening-of-notre-dame-in-paris\\\/#primaryimage\"},\"thumbnailUrl\":\"https:\\\/\\\/praytellblog.com\\\/wp-content\\\/uploads\\\/2024\\\/06\\\/448810980_778619601120685_5243225870665276139_n.jpg\",\"inLanguage\":\"en-US\"},{\"@type\":\"WebPage\",\"@id\":\"https:\\\/\\\/praytellblog.com\\\/index.php\\\/2024\\\/06\\\/25\\\/vestments-for-the-reopening-of-notre-dame-in-paris\\\/\",\"url\":\"https:\\\/\\\/praytellblog.com\\\/index.php\\\/2024\\\/06\\\/25\\\/vestments-for-the-reopening-of-notre-dame-in-paris\\\/\",\"name\":\"Vestments for the Reopening of Notre Dame in Paris - Home\",\"isPartOf\":{\"@id\":\"https:\\\/\\\/praytellblog.com\\\/#website\"},\"primaryImageOfPage\":{\"@id\":\"https:\\\/\\\/praytellblog.com\\\/index.php\\\/2024\\\/06\\\/25\\\/vestments-for-the-reopening-of-notre-dame-in-paris\\\/#primaryimage\"},\"image\":{\"@id\":\"https:\\\/\\\/praytellblog.com\\\/index.php\\\/2024\\\/06\\\/25\\\/vestments-for-the-reopening-of-notre-dame-in-paris\\\/#primaryimage\"},\"thumbnailUrl\":\"https:\\\/\\\/praytellblog.com\\\/wp-content\\\/uploads\\\/2024\\\/06\\\/448810980_778619601120685_5243225870665276139_n.jpg\",\"datePublished\":\"2024-06-25T16:31:45+00:00\",\"dateModified\":\"2024-06-25T16:31:47+00:00\",\"breadcrumb\":{\"@id\":\"https:\\\/\\\/praytellblog.com\\\/index.php\\\/2024\\\/06\\\/25\\\/vestments-for-the-reopening-of-notre-dame-in-paris\\\/#breadcrumb\"},\"inLanguage\":\"en-US\",\"potentialAction\":[{\"@type\":\"ReadAction\",\"target\":[\"https:\\\/\\\/praytellblog.com\\\/index.php\\\/2024\\\/06\\\/25\\\/vestments-for-the-reopening-of-notre-dame-in-paris\\\/\"]}]},{\"@type\":\"ImageObject\",\"inLanguage\":\"en-US\",\"@id\":\"https:\\\/\\\/praytellblog.com\\\/index.php\\\/2024\\\/06\\\/25\\\/vestments-for-the-reopening-of-notre-dame-in-paris\\\/#primaryimage\",\"url\":\"https:\\\/\\\/praytellblog.com\\\/wp-content\\\/uploads\\\/2024\\\/06\\\/448810980_778619601120685_5243225870665276139_n.jpg\",\"contentUrl\":\"https:\\\/\\\/praytellblog.com\\\/wp-content\\\/uploads\\\/2024\\\/06\\\/448810980_778619601120685_5243225870665276139_n.jpg\",\"width\":1200,\"height\":1080},{\"@type\":\"BreadcrumbList\",\"@id\":\"https:\\\/\\\/praytellblog.com\\\/index.php\\\/2024\\\/06\\\/25\\\/vestments-for-the-reopening-of-notre-dame-in-paris\\\/#breadcrumb\",\"itemListElement\":[{\"@type\":\"ListItem\",\"position\":1,\"name\":\"Home\",\"item\":\"https:\\\/\\\/praytellblog.com\\\/\"},{\"@type\":\"ListItem\",\"position\":2,\"name\":\"Vestments for the Reopening of Notre Dame in Paris\"}]},{\"@type\":\"WebSite\",\"@id\":\"https:\\\/\\\/praytellblog.com\\\/#website\",\"url\":\"https:\\\/\\\/praytellblog.com\\\/\",\"name\":\"Home\",\"description\":\"Worship, Wit &amp; Wisdom\",\"publisher\":{\"@id\":\"https:\\\/\\\/praytellblog.com\\\/#organization\"},\"potentialAction\":[{\"@type\":\"SearchAction\",\"target\":{\"@type\":\"EntryPoint\",\"urlTemplate\":\"https:\\\/\\\/praytellblog.com\\\/?s={search_term_string}\"},\"query-input\":{\"@type\":\"PropertyValueSpecification\",\"valueRequired\":true,\"valueName\":\"search_term_string\"}}],\"inLanguage\":\"en-US\"},{\"@type\":\"Organization\",\"@id\":\"https:\\\/\\\/praytellblog.com\\\/#organization\",\"name\":\"Home\",\"url\":\"https:\\\/\\\/praytellblog.com\\\/\",\"logo\":{\"@type\":\"ImageObject\",\"inLanguage\":\"en-US\",\"@id\":\"https:\\\/\\\/praytellblog.com\\\/#\\\/schema\\\/logo\\\/image\\\/\",\"url\":\"https:\\\/\\\/praytellblog.com\\\/wp-content\\\/uploads\\\/2023\\\/09\\\/cropped-BlogHeaderFinal2.jpg\",\"contentUrl\":\"https:\\\/\\\/praytellblog.com\\\/wp-content\\\/uploads\\\/2023\\\/09\\\/cropped-BlogHeaderFinal2.jpg\",\"width\":1340,\"height\":209,\"caption\":\"Home\"},\"image\":{\"@id\":\"https:\\\/\\\/praytellblog.com\\\/#\\\/schema\\\/logo\\\/image\\\/\"}},{\"@type\":\"Person\",\"@id\":\"https:\\\/\\\/praytellblog.com\\\/#\\\/schema\\\/person\\\/16fe14cc3fae6a9d88483ff64130bbe2\",\"name\":\"Nathan Chase\",\"image\":{\"@type\":\"ImageObject\",\"inLanguage\":\"en-US\",\"@id\":\"https:\\\/\\\/praytellblog.com\\\/wp-content\\\/uploads\\\/2020\\\/08\\\/2019-10-04-22.51.10-copy-2-96x96.jpg\",\"url\":\"https:\\\/\\\/praytellblog.com\\\/wp-content\\\/uploads\\\/2020\\\/08\\\/2019-10-04-22.51.10-copy-2-96x96.jpg\",\"contentUrl\":\"https:\\\/\\\/praytellblog.com\\\/wp-content\\\/uploads\\\/2020\\\/08\\\/2019-10-04-22.51.10-copy-2-96x96.jpg\",\"caption\":\"Nathan Chase\"},\"description\":\"Nathan P. Chase is Assistant Professor of Liturgical and Sacramental Theology at Aquinas Institute of Theology in St. Louis, MO. He has contributed a number of articles to the field of liturgical studies, including pieces on liturgy in the early Church, initiation, the Eucharist, inculturation, and the Western Non-Roman Rites, in particular the Hispano-Mozarabic tradition. His first book The Homiliae Toletanae and the Theology of Lent and Easter was published in 2020. His second monograph, published in 2023, is titled The Anaphoral Tradition in the \u2018Barcelona Papyrus.\u2019\",\"sameAs\":[\"https:\\\/\\\/x.com\\\/nchase\"],\"url\":\"https:\\\/\\\/praytellblog.com\\\/index.php\\\/author\\\/nchase\\\/\"}]}<\/script>\n<!-- \/ Yoast SEO plugin. -->","yoast_head_json":{"title":"Vestments for the Reopening of Notre Dame in Paris - Home","robots":{"index":"index","follow":"follow","max-snippet":"max-snippet:-1","max-image-preview":"max-image-preview:large","max-video-preview":"max-video-preview:-1"},"canonical":"https:\/\/praytellblog.com\/index.php\/2024\/06\/25\/vestments-for-the-reopening-of-notre-dame-in-paris\/","og_locale":"en_US","og_type":"article","og_title":"Vestments for the Reopening of Notre Dame in Paris - Home","og_description":"NATHAN P. CHASE - Here are the sketches for the vestments that will be used in the reopening mass.","og_url":"https:\/\/praytellblog.com\/index.php\/2024\/06\/25\/vestments-for-the-reopening-of-notre-dame-in-paris\/","og_site_name":"Home","article_published_time":"2024-06-25T16:31:45+00:00","article_modified_time":"2024-06-25T16:31:47+00:00","og_image":[{"width":1200,"height":1080,"url":"https:\/\/praytellblog.com\/wp-content\/uploads\/2024\/06\/448810980_778619601120685_5243225870665276139_n.jpg","type":"image\/jpeg"}],"author":"Nathan Chase","twitter_card":"summary_large_image","twitter_creator":"@nchase","twitter_misc":{"Written by":"Nathan Chase","Est. reading time":"2 minutes"},"schema":{"@context":"https:\/\/schema.org","@graph":[{"@type":"Article","@id":"https:\/\/praytellblog.com\/index.php\/2024\/06\/25\/vestments-for-the-reopening-of-notre-dame-in-paris\/#article","isPartOf":{"@id":"https:\/\/praytellblog.com\/index.php\/2024\/06\/25\/vestments-for-the-reopening-of-notre-dame-in-paris\/"},"author":{"name":"Nathan Chase","@id":"https:\/\/praytellblog.com\/#\/schema\/person\/16fe14cc3fae6a9d88483ff64130bbe2"},"headline":"Vestments for the Reopening of Notre Dame in Paris","datePublished":"2024-06-25T16:31:45+00:00","dateModified":"2024-06-25T16:31:47+00:00","mainEntityOfPage":{"@id":"https:\/\/praytellblog.com\/index.php\/2024\/06\/25\/vestments-for-the-reopening-of-notre-dame-in-paris\/"},"wordCount":83,"publisher":{"@id":"https:\/\/praytellblog.com\/#organization"},"image":{"@id":"https:\/\/praytellblog.com\/index.php\/2024\/06\/25\/vestments-for-the-reopening-of-notre-dame-in-paris\/#primaryimage"},"thumbnailUrl":"https:\/\/praytellblog.com\/wp-content\/uploads\/2024\/06\/448810980_778619601120685_5243225870665276139_n.jpg","inLanguage":"en-US"},{"@type":"WebPage","@id":"https:\/\/praytellblog.com\/index.php\/2024\/06\/25\/vestments-for-the-reopening-of-notre-dame-in-paris\/","url":"https:\/\/praytellblog.com\/index.php\/2024\/06\/25\/vestments-for-the-reopening-of-notre-dame-in-paris\/","name":"Vestments for the Reopening of Notre Dame in Paris - Home","isPartOf":{"@id":"https:\/\/praytellblog.com\/#website"},"primaryImageOfPage":{"@id":"https:\/\/praytellblog.com\/index.php\/2024\/06\/25\/vestments-for-the-reopening-of-notre-dame-in-paris\/#primaryimage"},"image":{"@id":"https:\/\/praytellblog.com\/index.php\/2024\/06\/25\/vestments-for-the-reopening-of-notre-dame-in-paris\/#primaryimage"},"thumbnailUrl":"https:\/\/praytellblog.com\/wp-content\/uploads\/2024\/06\/448810980_778619601120685_5243225870665276139_n.jpg","datePublished":"2024-06-25T16:31:45+00:00","dateModified":"2024-06-25T16:31:47+00:00","breadcrumb":{"@id":"https:\/\/praytellblog.com\/index.php\/2024\/06\/25\/vestments-for-the-reopening-of-notre-dame-in-paris\/#breadcrumb"},"inLanguage":"en-US","potentialAction":[{"@type":"ReadAction","target":["https:\/\/praytellblog.com\/index.php\/2024\/06\/25\/vestments-for-the-reopening-of-notre-dame-in-paris\/"]}]},{"@type":"ImageObject","inLanguage":"en-US","@id":"https:\/\/praytellblog.com\/index.php\/2024\/06\/25\/vestments-for-the-reopening-of-notre-dame-in-paris\/#primaryimage","url":"https:\/\/praytellblog.com\/wp-content\/uploads\/2024\/06\/448810980_778619601120685_5243225870665276139_n.jpg","contentUrl":"https:\/\/praytellblog.com\/wp-content\/uploads\/2024\/06\/448810980_778619601120685_5243225870665276139_n.jpg","width":1200,"height":1080},{"@type":"BreadcrumbList","@id":"https:\/\/praytellblog.com\/index.php\/2024\/06\/25\/vestments-for-the-reopening-of-notre-dame-in-paris\/#breadcrumb","itemListElement":[{"@type":"ListItem","position":1,"name":"Home","item":"https:\/\/praytellblog.com\/"},{"@type":"ListItem","position":2,"name":"Vestments for the Reopening of Notre Dame in Paris"}]},{"@type":"WebSite","@id":"https:\/\/praytellblog.com\/#website","url":"https:\/\/praytellblog.com\/","name":"Home","description":"Worship, Wit &amp; Wisdom","publisher":{"@id":"https:\/\/praytellblog.com\/#organization"},"potentialAction":[{"@type":"SearchAction","target":{"@type":"EntryPoint","urlTemplate":"https:\/\/praytellblog.com\/?s={search_term_string}"},"query-input":{"@type":"PropertyValueSpecification","valueRequired":true,"valueName":"search_term_string"}}],"inLanguage":"en-US"},{"@type":"Organization","@id":"https:\/\/praytellblog.com\/#organization","name":"Home","url":"https:\/\/praytellblog.com\/","logo":{"@type":"ImageObject","inLanguage":"en-US","@id":"https:\/\/praytellblog.com\/#\/schema\/logo\/image\/","url":"https:\/\/praytellblog.com\/wp-content\/uploads\/2023\/09\/cropped-BlogHeaderFinal2.jpg","contentUrl":"https:\/\/praytellblog.com\/wp-content\/uploads\/2023\/09\/cropped-BlogHeaderFinal2.jpg","width":1340,"height":209,"caption":"Home"},"image":{"@id":"https:\/\/praytellblog.com\/#\/schema\/logo\/image\/"}},{"@type":"Person","@id":"https:\/\/praytellblog.com\/#\/schema\/person\/16fe14cc3fae6a9d88483ff64130bbe2","name":"Nathan Chase","image":{"@type":"ImageObject","inLanguage":"en-US","@id":"https:\/\/praytellblog.com\/wp-content\/uploads\/2020\/08\/2019-10-04-22.51.10-copy-2-96x96.jpg","url":"https:\/\/praytellblog.com\/wp-content\/uploads\/2020\/08\/2019-10-04-22.51.10-copy-2-96x96.jpg","contentUrl":"https:\/\/praytellblog.com\/wp-content\/uploads\/2020\/08\/2019-10-04-22.51.10-copy-2-96x96.jpg","caption":"Nathan Chase"},"description":"Nathan P. Chase is Assistant Professor of Liturgical and Sacramental Theology at Aquinas Institute of Theology in St. Louis, MO. He has contributed a number of articles to the field of liturgical studies, including pieces on liturgy in the early Church, initiation, the Eucharist, inculturation, and the Western Non-Roman Rites, in particular the Hispano-Mozarabic tradition. His first book The Homiliae Toletanae and the Theology of Lent and Easter was published in 2020. His second monograph, published in 2023, is titled The Anaphoral Tradition in the \u2018Barcelona Papyrus.\u2019","sameAs":["https:\/\/x.com\/nchase"],"url":"https:\/\/praytellblog.com\/index.php\/author\/nchase\/"}]}},"jetpack_featured_media_url":"https:\/\/praytellblog.com\/wp-content\/uploads\/2024\/06\/448810980_778619601120685_5243225870665276139_n.jpg","jetpack_sharing_enabled":true,"jetpack_likes_enabled":true,"_links":{"self":[{"href":"https:\/\/praytellblog.com\/index.php\/wp-json\/wp\/v2\/posts\/64436","targetHints":{"allow":["GET"]}}],"collection":[{"href":"https:\/\/praytellblog.com\/index.php\/wp-json\/wp\/v2\/posts"}],"about":[{"href":"https:\/\/praytellblog.com\/index.php\/wp-json\/wp\/v2\/types\/post"}],"author":[{"embeddable":true,"href":"https:\/\/praytellblog.com\/index.php\/wp-json\/wp\/v2\/users\/51"}],"replies":[{"embeddable":true,"href":"https:\/\/praytellblog.com\/index.php\/wp-json\/wp\/v2\/comments?post=64436"}],"version-history":[{"count":5,"href":"https:\/\/praytellblog.com\/index.php\/wp-json\/wp\/v2\/posts\/64436\/revisions"}],"predecessor-version":[{"id":64447,"href":"https:\/\/praytellblog.com\/index.php\/wp-json\/wp\/v2\/posts\/64436\/revisions\/64447"}],"wp:featuredmedia":[{"embeddable":true,"href":"https:\/\/praytellblog.com\/index.php\/wp-json\/wp\/v2\/media\/64445"}],"wp:attachment":[{"href":"https:\/\/praytellblog.com\/index.php\/wp-json\/wp\/v2\/media?parent=64436"}],"wp:term":[{"taxonomy":"category","embeddable":true,"href":"https:\/\/praytellblog.com\/index.php\/wp-json\/wp\/v2\/categories?post=64436"},{"taxonomy":"post_tag","embeddable":true,"href":"https:\/\/praytellblog.com\/index.php\/wp-json\/wp\/v2\/tags?post=64436"}],"curies":[{"name":"wp","href":"https:\/\/api.w.org\/{rel}","templated":true}]}}