{"id":61731,"date":"2023-04-26T14:24:43","date_gmt":"2023-04-26T19:24:43","guid":{"rendered":"https:\/\/praytellblog.com\/?p=61731"},"modified":"2023-05-07T09:03:45","modified_gmt":"2023-05-07T14:03:45","slug":"in-the-image-of-god-he-created-them","status":"publish","type":"post","link":"https:\/\/praytellblog.com\/index.php\/2023\/04\/26\/in-the-image-of-god-he-created-them\/","title":{"rendered":"In the image of God he created them \u2026"},"content":{"rendered":"<figure id=\"attachment_61732\" aria-describedby=\"caption-attachment-61732\" style=\"width: 241px\" class=\"wp-caption alignleft\"><img loading=\"lazy\" decoding=\"async\" class=\"wp-image-61732\" src=\"https:\/\/praytellblog.com\/wp-content\/uploads\/2023\/04\/Maria_Magdalena_berichtet_den_Jungern.jpg\" alt=\"\" width=\"241\" height=\"309\" srcset=\"https:\/\/praytellblog.com\/wp-content\/uploads\/2023\/04\/Maria_Magdalena_berichtet_den_Jungern.jpg 1000w, https:\/\/praytellblog.com\/wp-content\/uploads\/2023\/04\/Maria_Magdalena_berichtet_den_Jungern-234x300.jpg 234w, https:\/\/praytellblog.com\/wp-content\/uploads\/2023\/04\/Maria_Magdalena_berichtet_den_Jungern-312x400.jpg 312w, https:\/\/praytellblog.com\/wp-content\/uploads\/2023\/04\/Maria_Magdalena_berichtet_den_Jungern-768x984.jpg 768w\" sizes=\"auto, (max-width: 241px) 100vw, 241px\" \/><figcaption id=\"caption-attachment-61732\" class=\"wp-caption-text\">Albani Psalter (12th century), Mary Magdalene announces the resurrection of Christ to the disciples.<\/figcaption><\/figure>\n<p>In the context of the annual celebration of Easter, we encounter some women who can be called &#8220;witnesses from the beginning&#8221;: Mary of Magdala \u2013 as in the Albani Psalter (12<sup>th<\/sup> century) pictured here \u2013 is the first to recognize the Risen Christ and deliver his message to the disciples (who, admittedly, do not believe her); the Samaritan woman at Jacob&#8217;s well proclaims the Messiah in her village (some villagers believe her, others only after they have convinced themselves). And Martha &#8211; not unlike Peter (Mt 16:16) &#8211; confesses her friend Jesus &#8220;the Christ, the Son of God, he who is coming into the world.&#8221; (Jn 11:27). The historical impact of these women is short or non-existent, even today.<\/p>\n<p>Not to diminish our Easter joy, but woman\u2019s life in the church does not feel &#8220;redeemed&#8221; in every respect. There is too much hierarchical male dominance in the name of &#8220;divine right&#8221; and too little faithfulness to the biblical image of man, starting with the creation narratives up to Galatians 3:28.<\/p>\n<p>The adoption of the respective current anthropologies has led to different ecclesiastical images of women that have one thing in common: What &#8220;being a woman&#8221; is has always been and still is decided by men in the Catholic Church \u2013 to the disadvantage of women.<\/p>\n<h4><em>From fluid transitions \u2026<\/em><\/h4>\n<p>The ancient concept of gender thought of woman (including her sexual organs) as an unfinished &#8220;imperfect man.&#8221; Masculine and feminine did not denote biological differences, but rather characteristics and attitudes on a continuum between the poles of masculine-intellectual-strong and feminine-material\/physical-weak. Women could find recognition by &#8220;masculinization,&#8221; while men could be &#8220;shamefully feminized.&#8221; Christian theologians from Origen to Thomas Aquinas have received and reflected on this image of women for over a millennium \u2014 perhaps one reason why, from ancient times, it was not necessary to argue specifically for the exclusion of women from the priesthood? The fact that women nevertheless served at the altars for centuries is shown by the repeatedly inculcated restrictions and prohibitions imposed by church authorities, which were often not enforced until much later.<a href=\"#_ftn1\" name=\"_ftnref1\">[1]<\/a><\/p>\n<h4><em>\u2026to Cult purity<\/em><\/h4>\n<p>The Pauline &#8220;insignificance&#8221; of the sexes in Christ (Gal 3:28) turned into disdain, even contempt, especially for female sexuality. The late antique ideal of spiritualization in connection with cultic ideas of purity and sexual taboos was detrimental to women. As a periodically defiled and libidinous temptress, woman was incapable of liturgy. Only the &#8220;pure hands&#8221; of the supposedly asexual priest were allowed to touch the holy of holies.<a href=\"#_ftn2\" name=\"_ftnref2\">[2]<\/a> Other effects of the menstrual taboo included: baptisms being postponed, church attendance being restricted, and the reception of communion being forbidden \u2013 even for women who had recently given birth. Even nuns were denied a view of the sanctuary during their menses.<\/p>\n<h4><em>The &#8220;essentially&#8221; different woman<\/em><\/h4>\n<p>The discovery of the &#8220;natural&#8221; biological otherness of women in the early modern period did not improve their situation. The new binary image of man merely transformed her previous deficits \u2013 feeling instead of understanding, devotion instead of leadership, etc. \u2013 into virtues and established them as female &#8220;essential characteristics.&#8221; The ecclesiastical ideal of the humble, pure, servant-obedient handmaiden of the Lord (or: of the lords?) was born from a male perspective: Mary-likeness instead of Christ-likeness is a topos that is still popular today.<a href=\"#_ftn3\" name=\"_ftnref3\">[3]<\/a> How practical that such a strictly conceived complementarity also provides the (theologically untenable) &#8220;argument&#8221; that women cannot embody Christ in the ordained ministry for lack of &#8220;natural likeness&#8221; (!).<\/p>\n<h4><em>\u2026 and their &#8220;special&#8221; dignity<\/em><\/h4>\n<p>The social emancipation of women in the 20th century did not remain without effect on ecclesiastical thinking: John XXIII recognized that women &#8220;are demanding both in domestic and in public life the rights and duties which belong to them as human persons.\u201c<a href=\"#_ftn4\" name=\"_ftnref4\">[4]<\/a><\/p>\n<p>John Paul II, however, in his 1988 Apostolic Exhortation <em>Mulieres dignitatem<\/em> \u2013 which he characteristically understands as a &#8220;Marian Year meditation&#8221; \u2013 conferred special dignities on women. The pope attaches importance to their otherness: &#8220;The personal resources of femininity are certainly no less than the resources of masculinity: they are merely different&#8221; (<em>MD<\/em> 10). By defining &#8220;virginity and motherhood as two particular dimensions of the fulfillment of the female personality&#8221; he declares that &#8220;these two paths in the vocation of women as persons, explain and complete each other&#8221; (<em>MD<\/em> 17). \u00a0With the help of the Holy Spirit, women could realize that and &#8220;thus be disposed to making a &#8216;sincere gift of self&#8217; to others thereby finding themselves&#8221; (<em>MD<\/em> 31). Male fantasies; once again, women&#8217;s rights are not general rights, but special rights! Most recently, Pope Francis, in his post-synodal letter <em>Querida Amazonia<\/em> (2020), hit the same narrow notch, dashing the hopes of Amazonian women. &#8220;Profoundly moved&#8221; by the testimony &#8220;of strong and generous women&#8221; he sums up: &#8220;Women make their contribution to the Church in a way that is properly theirs, by making present the tender strength of Mary, the Mother.&#8221;<a href=\"#_ftn5\" name=\"_ftnref5\">[5]<\/a> The request for ordination of women deacons in a distressing pastoral situation went unheard.<\/p>\n<h4><em>One last Witness from the &#8220;Silent Church&#8221;<\/em><\/h4>\n<p>But there are Catholic ordained women priests. Following his motto, &#8220;Leadership is the granting of freedom&#8221; Bishop Felix M. Davidek ordained married men as bishops and women as priests in the Czech underground church during Communist rule, including his vicar general Ludmila Javorova. Attempts to positively involve the Vatican in advance had previously failed. Even before the fall of Communist states beginning in 1989, Davidek was defamed as mentally ill, then in 1996 ordained women were forbidden to exercise their ministry and were imposed the strictest silence. When the pressure from Rome on her sisters in priestly ministry became too great, Ludmila Javorova broke her silence and told her story.<a href=\"#_ftn6\" name=\"_ftnref6\">[6]<\/a><\/p>\n<p>The conclusion? Whether &#8220;unworthy,&#8221; &#8220;equal in dignity,&#8221; &#8220;with special dignity,&#8221; or idealized into a devoted lover and bearer of a mission &#8220;of capital importance&#8221; \u2026 for the rediscovery by believers of the true face of the Church,&#8221;<a href=\"#_ftn7\" name=\"_ftnref7\">[7]<\/a> women remain &#8220;unequal&#8221; in the Catholic Church to this day. Could it be that this very injustice distorts the &#8220;true face&#8221; of the Church?<\/p>\n<p>O Lord\u2014how long?<\/p>\n<hr \/>\n<p><a href=\"#_ftnref1\" name=\"_ftn1\">[1]<\/a> In fact, the sources are largely silent about the ordination of women to priestly ministry in the greater church; as things stand today, it seems unlikely.<\/p>\n<p><a href=\"#_ftnref2\" name=\"_ftn2\">[2]<\/a> Comprehensive studies on this subject are fundamental works by Arnold Angenendt, <em>Geschichte der Religiosit\u00e4t im Mittelalter<\/em>, Darmstadt 22000; and most recently Ders. Ehe, <em>Liebe und Sexualit\u00e4t im Christentum. Von den Anf\u00e4ngen bis heute<\/em>, Munich 2015; Church historian Hubertus Lutterbach sums up: &#8220;Ab dem vierten Jahrhundert setzte sich das Ideal der kultischen Reinheit massiv durch und umfasste alle Bereiche des Alltags.&#8221; From this, he says, a &#8220;leistungsorientierte Verzichtsspiritualit\u00e4t&#8221; developed among clerics: &#8221; Je h\u00f6her der Verzicht, umso h\u00f6her das Ma\u00df an kultischen Reinheit.&#8221; See: <a href=\"https:\/\/bit.ly\/38GAOIo\" rel=\"nofollow\">https:\/\/bit.ly\/38GAOIo<\/a> (accessed Nov. 08, 2017); in Ders, Fatale Sakralit\u00e4t, in: HK 4\/2020, 43-47 (here 43), he argues for &#8220;diese Entwicklung zur\u00fcckzudrehen.\u201c<\/p>\n<p><a href=\"#_ftnref3\" name=\"_ftn3\">[3]<\/a> In an interview with AMERICA magazine (Nov. 28, 2022), Pope Francis has reaffirmed the traditional patrine principle (of ministry and therefore male) and the Marian (female) principle.<\/p>\n<p><a href=\"#_ftnref4\" name=\"_ftn4\">[4]<\/a> John XXIII, Enzyklika <em>Pacem in Terris<\/em> (1963) 41.<\/p>\n<p><a href=\"#_ftnref5\" name=\"_ftn5\">[5]<\/a> Francis, Postsynodales Schreiben <em>Querida Amazonia<\/em> (2020) 101.<\/p>\n<p><a href=\"#_ftnref6\" name=\"_ftn6\">[6]<\/a> She received the Herbert Haag Award for Freedom and Humanity in the Church in 2011.<\/p>\n<p><a href=\"#_ftnref7\" name=\"_ftn7\">[7]<\/a> John Paul II, Apostolisches Schreiben <em>Ordinatio Sacerdotalis<\/em> (1994) zitiert in Nr. 3 aus der Erkl\u00e4rung der Kongregation f\u00fcr die Glaubenslehre <em>Inter Insigniores<\/em> (1976) 6.<\/p>\n","protected":false},"excerpt":{"rendered":"<p>What &#8220;being a woman&#8221; is has always been and still is decided by men in the Catholic Church \u2013 to the disadvantage of women.<\/p>\n","protected":false},"author":104,"featured_media":61732,"comment_status":"open","ping_status":"open","sticky":false,"template":"","format":"standard","meta":{"_jetpack_newsletter_access":"","_jetpack_dont_email_post_to_subs":false,"_jetpack_newsletter_tier_id":0,"_jetpack_memberships_contains_paywalled_content":false,"_wpcom_ai_launchpad_first_post":false,"_jetpack_feature_clip_id":0,"_jetpack_memberships_contains_paid_content":false,"footnotes":"","jetpack_post_was_ever_published":false},"categories":[3117,1081,10,25,2224,362],"tags":[],"class_list":["post-61731","post","type-post","status-publish","format-standard","has-post-thumbnail","hentry","category-new-scholarship-new-ws","category-church-reform","category-ddw-holy-see","category-ordained-ministry","category-pope-francis","category-saints-mary"],"yoast_head":"<!-- This site is optimized with the Yoast SEO plugin v28.3 - https:\/\/yoast.com\/product\/yoast-seo-wordpress\/ -->\n<title>In the image of God he created them \u2026 - Home<\/title>\n<meta name=\"description\" content=\"What &quot;being a woman&quot; is has always been and still is decided by men in the Catholic Church \u2013 to the disadvantage of women.\" \/>\n<meta name=\"robots\" content=\"index, follow, max-snippet:-1, max-image-preview:large, max-video-preview:-1\" \/>\n<link rel=\"canonical\" href=\"https:\/\/praytellblog.com\/index.php\/2023\/04\/26\/in-the-image-of-god-he-created-them\/\" \/>\n<meta property=\"og:locale\" content=\"en_US\" \/>\n<meta property=\"og:type\" content=\"article\" \/>\n<meta property=\"og:title\" content=\"In the image of God he created them \u2026 - Home\" \/>\n<meta property=\"og:description\" content=\"What &quot;being a woman&quot; is has always been and still is decided by men in the Catholic Church \u2013 to the disadvantage of women.\" \/>\n<meta property=\"og:url\" content=\"https:\/\/praytellblog.com\/index.php\/2023\/04\/26\/in-the-image-of-god-he-created-them\/\" \/>\n<meta property=\"og:site_name\" content=\"Home\" \/>\n<meta property=\"article:published_time\" content=\"2023-04-26T19:24:43+00:00\" \/>\n<meta property=\"article:modified_time\" content=\"2023-05-07T14:03:45+00:00\" \/>\n<meta property=\"og:image\" content=\"https:\/\/praytellblog.com\/wp-content\/uploads\/2023\/04\/Maria_Magdalena_berichtet_den_Jungern.jpg\" \/>\n\t<meta property=\"og:image:width\" content=\"1000\" \/>\n\t<meta property=\"og:image:height\" content=\"1281\" \/>\n\t<meta property=\"og:image:type\" content=\"image\/jpeg\" \/>\n<meta name=\"author\" content=\"Ingrid Fischer\" \/>\n<meta name=\"twitter:card\" content=\"summary_large_image\" \/>\n<meta name=\"twitter:label1\" content=\"Written by\" \/>\n\t<meta name=\"twitter:data1\" content=\"Ingrid Fischer\" \/>\n\t<meta name=\"twitter:label2\" content=\"Est. reading time\" \/>\n\t<meta name=\"twitter:data2\" content=\"6 minutes\" \/>\n<script type=\"application\/ld+json\" class=\"yoast-schema-graph\">{\"@context\":\"https:\\\/\\\/schema.org\",\"@graph\":[{\"@type\":\"Article\",\"@id\":\"https:\\\/\\\/praytellblog.com\\\/index.php\\\/2023\\\/04\\\/26\\\/in-the-image-of-god-he-created-them\\\/#article\",\"isPartOf\":{\"@id\":\"https:\\\/\\\/praytellblog.com\\\/index.php\\\/2023\\\/04\\\/26\\\/in-the-image-of-god-he-created-them\\\/\"},\"author\":{\"name\":\"Ingrid Fischer\",\"@id\":\"https:\\\/\\\/praytellblog.com\\\/#\\\/schema\\\/person\\\/1760d737ccf56b94f15c8566fb94005d\"},\"headline\":\"In the image of God he created them \u2026\",\"datePublished\":\"2023-04-26T19:24:43+00:00\",\"dateModified\":\"2023-05-07T14:03:45+00:00\",\"mainEntityOfPage\":{\"@id\":\"https:\\\/\\\/praytellblog.com\\\/index.php\\\/2023\\\/04\\\/26\\\/in-the-image-of-god-he-created-them\\\/\"},\"wordCount\":1225,\"commentCount\":1,\"publisher\":{\"@id\":\"https:\\\/\\\/praytellblog.com\\\/#organization\"},\"image\":{\"@id\":\"https:\\\/\\\/praytellblog.com\\\/index.php\\\/2023\\\/04\\\/26\\\/in-the-image-of-god-he-created-them\\\/#primaryimage\"},\"thumbnailUrl\":\"https:\\\/\\\/praytellblog.com\\\/wp-content\\\/uploads\\\/2023\\\/04\\\/Maria_Magdalena_berichtet_den_Jungern.jpg\",\"articleSection\":[\"3_SCHOLARSHIP\",\"Church Reform\",\"DDW \\\/ Holy See\",\"Ordained Ministry\",\"Pope Francis\",\"Saints \\\/ Mary\"],\"inLanguage\":\"en-US\",\"potentialAction\":[{\"@type\":\"CommentAction\",\"name\":\"Comment\",\"target\":[\"https:\\\/\\\/praytellblog.com\\\/index.php\\\/2023\\\/04\\\/26\\\/in-the-image-of-god-he-created-them\\\/#respond\"]}]},{\"@type\":\"WebPage\",\"@id\":\"https:\\\/\\\/praytellblog.com\\\/index.php\\\/2023\\\/04\\\/26\\\/in-the-image-of-god-he-created-them\\\/\",\"url\":\"https:\\\/\\\/praytellblog.com\\\/index.php\\\/2023\\\/04\\\/26\\\/in-the-image-of-god-he-created-them\\\/\",\"name\":\"In the image of God he created them \u2026 - Home\",\"isPartOf\":{\"@id\":\"https:\\\/\\\/praytellblog.com\\\/#website\"},\"primaryImageOfPage\":{\"@id\":\"https:\\\/\\\/praytellblog.com\\\/index.php\\\/2023\\\/04\\\/26\\\/in-the-image-of-god-he-created-them\\\/#primaryimage\"},\"image\":{\"@id\":\"https:\\\/\\\/praytellblog.com\\\/index.php\\\/2023\\\/04\\\/26\\\/in-the-image-of-god-he-created-them\\\/#primaryimage\"},\"thumbnailUrl\":\"https:\\\/\\\/praytellblog.com\\\/wp-content\\\/uploads\\\/2023\\\/04\\\/Maria_Magdalena_berichtet_den_Jungern.jpg\",\"datePublished\":\"2023-04-26T19:24:43+00:00\",\"dateModified\":\"2023-05-07T14:03:45+00:00\",\"description\":\"What \\\"being a woman\\\" is has always been and still is decided by men in the Catholic Church \u2013 to the disadvantage of women.\",\"breadcrumb\":{\"@id\":\"https:\\\/\\\/praytellblog.com\\\/index.php\\\/2023\\\/04\\\/26\\\/in-the-image-of-god-he-created-them\\\/#breadcrumb\"},\"inLanguage\":\"en-US\",\"potentialAction\":[{\"@type\":\"ReadAction\",\"target\":[\"https:\\\/\\\/praytellblog.com\\\/index.php\\\/2023\\\/04\\\/26\\\/in-the-image-of-god-he-created-them\\\/\"]}]},{\"@type\":\"ImageObject\",\"inLanguage\":\"en-US\",\"@id\":\"https:\\\/\\\/praytellblog.com\\\/index.php\\\/2023\\\/04\\\/26\\\/in-the-image-of-god-he-created-them\\\/#primaryimage\",\"url\":\"https:\\\/\\\/praytellblog.com\\\/wp-content\\\/uploads\\\/2023\\\/04\\\/Maria_Magdalena_berichtet_den_Jungern.jpg\",\"contentUrl\":\"https:\\\/\\\/praytellblog.com\\\/wp-content\\\/uploads\\\/2023\\\/04\\\/Maria_Magdalena_berichtet_den_Jungern.jpg\",\"width\":1000,\"height\":1281,\"caption\":\"Albani Psalter (12th century), Mary Magdalene announces the resurrection of Christ to the disciples.\"},{\"@type\":\"BreadcrumbList\",\"@id\":\"https:\\\/\\\/praytellblog.com\\\/index.php\\\/2023\\\/04\\\/26\\\/in-the-image-of-god-he-created-them\\\/#breadcrumb\",\"itemListElement\":[{\"@type\":\"ListItem\",\"position\":1,\"name\":\"Home\",\"item\":\"https:\\\/\\\/praytellblog.com\\\/\"},{\"@type\":\"ListItem\",\"position\":2,\"name\":\"In the image of God he created them \u2026\"}]},{\"@type\":\"WebSite\",\"@id\":\"https:\\\/\\\/praytellblog.com\\\/#website\",\"url\":\"https:\\\/\\\/praytellblog.com\\\/\",\"name\":\"Home\",\"description\":\"Worship, Wit &amp; Wisdom\",\"publisher\":{\"@id\":\"https:\\\/\\\/praytellblog.com\\\/#organization\"},\"potentialAction\":[{\"@type\":\"SearchAction\",\"target\":{\"@type\":\"EntryPoint\",\"urlTemplate\":\"https:\\\/\\\/praytellblog.com\\\/?s={search_term_string}\"},\"query-input\":{\"@type\":\"PropertyValueSpecification\",\"valueRequired\":true,\"valueName\":\"search_term_string\"}}],\"inLanguage\":\"en-US\"},{\"@type\":\"Organization\",\"@id\":\"https:\\\/\\\/praytellblog.com\\\/#organization\",\"name\":\"Home\",\"url\":\"https:\\\/\\\/praytellblog.com\\\/\",\"logo\":{\"@type\":\"ImageObject\",\"inLanguage\":\"en-US\",\"@id\":\"https:\\\/\\\/praytellblog.com\\\/#\\\/schema\\\/logo\\\/image\\\/\",\"url\":\"https:\\\/\\\/praytellblog.com\\\/wp-content\\\/uploads\\\/2023\\\/09\\\/cropped-BlogHeaderFinal2.jpg\",\"contentUrl\":\"https:\\\/\\\/praytellblog.com\\\/wp-content\\\/uploads\\\/2023\\\/09\\\/cropped-BlogHeaderFinal2.jpg\",\"width\":1340,\"height\":209,\"caption\":\"Home\"},\"image\":{\"@id\":\"https:\\\/\\\/praytellblog.com\\\/#\\\/schema\\\/logo\\\/image\\\/\"}},{\"@type\":\"Person\",\"@id\":\"https:\\\/\\\/praytellblog.com\\\/#\\\/schema\\\/person\\\/1760d737ccf56b94f15c8566fb94005d\",\"name\":\"Ingrid Fischer\",\"image\":{\"@type\":\"ImageObject\",\"inLanguage\":\"en-US\",\"@id\":\"https:\\\/\\\/praytellblog.com\\\/wp-content\\\/uploads\\\/2022\\\/10\\\/IF-1-96x96.png\",\"url\":\"https:\\\/\\\/praytellblog.com\\\/wp-content\\\/uploads\\\/2022\\\/10\\\/IF-1-96x96.png\",\"contentUrl\":\"https:\\\/\\\/praytellblog.com\\\/wp-content\\\/uploads\\\/2022\\\/10\\\/IF-1-96x96.png\",\"caption\":\"Ingrid Fischer\"},\"description\":\"Ingrid Fischer has studied psychology and human biology as well as theology (liturgical studies) in Vienna, with a doctoral dissertation on \u201cThe Liturgy of the Three Days before Easter.\u201d Since 2001 she has been a member of the scholarly-pedagogical team of the THEOLOGISCHE KURSE (the oldest institution of theological adult education in the German-speaking world) teaching liturgical studies and church history. Her main concern is to understand the development of liturgical expressions past and present, which is foundational for a mature faith. As program director of the AKADEMIE am DOM, she wants to bring people and convictions closer together \u2013 in a catholic manner which is respectful of those who think differently.\",\"url\":\"https:\\\/\\\/praytellblog.com\\\/index.php\\\/author\\\/ifischer\\\/\"}]}<\/script>\n<!-- \/ Yoast SEO plugin. -->","yoast_head_json":{"title":"In the image of God he created them \u2026 - Home","description":"What \"being a woman\" is has always been and still is decided by men in the Catholic Church \u2013 to the disadvantage of women.","robots":{"index":"index","follow":"follow","max-snippet":"max-snippet:-1","max-image-preview":"max-image-preview:large","max-video-preview":"max-video-preview:-1"},"canonical":"https:\/\/praytellblog.com\/index.php\/2023\/04\/26\/in-the-image-of-god-he-created-them\/","og_locale":"en_US","og_type":"article","og_title":"In the image of God he created them \u2026 - Home","og_description":"What \"being a woman\" is has always been and still is decided by men in the Catholic Church \u2013 to the disadvantage of women.","og_url":"https:\/\/praytellblog.com\/index.php\/2023\/04\/26\/in-the-image-of-god-he-created-them\/","og_site_name":"Home","article_published_time":"2023-04-26T19:24:43+00:00","article_modified_time":"2023-05-07T14:03:45+00:00","og_image":[{"width":1000,"height":1281,"url":"https:\/\/praytellblog.com\/wp-content\/uploads\/2023\/04\/Maria_Magdalena_berichtet_den_Jungern.jpg","type":"image\/jpeg"}],"author":"Ingrid Fischer","twitter_card":"summary_large_image","twitter_misc":{"Written by":"Ingrid Fischer","Est. reading time":"6 minutes"},"schema":{"@context":"https:\/\/schema.org","@graph":[{"@type":"Article","@id":"https:\/\/praytellblog.com\/index.php\/2023\/04\/26\/in-the-image-of-god-he-created-them\/#article","isPartOf":{"@id":"https:\/\/praytellblog.com\/index.php\/2023\/04\/26\/in-the-image-of-god-he-created-them\/"},"author":{"name":"Ingrid Fischer","@id":"https:\/\/praytellblog.com\/#\/schema\/person\/1760d737ccf56b94f15c8566fb94005d"},"headline":"In the image of God he created them \u2026","datePublished":"2023-04-26T19:24:43+00:00","dateModified":"2023-05-07T14:03:45+00:00","mainEntityOfPage":{"@id":"https:\/\/praytellblog.com\/index.php\/2023\/04\/26\/in-the-image-of-god-he-created-them\/"},"wordCount":1225,"commentCount":1,"publisher":{"@id":"https:\/\/praytellblog.com\/#organization"},"image":{"@id":"https:\/\/praytellblog.com\/index.php\/2023\/04\/26\/in-the-image-of-god-he-created-them\/#primaryimage"},"thumbnailUrl":"https:\/\/praytellblog.com\/wp-content\/uploads\/2023\/04\/Maria_Magdalena_berichtet_den_Jungern.jpg","articleSection":["3_SCHOLARSHIP","Church Reform","DDW \/ Holy See","Ordained Ministry","Pope Francis","Saints \/ Mary"],"inLanguage":"en-US","potentialAction":[{"@type":"CommentAction","name":"Comment","target":["https:\/\/praytellblog.com\/index.php\/2023\/04\/26\/in-the-image-of-god-he-created-them\/#respond"]}]},{"@type":"WebPage","@id":"https:\/\/praytellblog.com\/index.php\/2023\/04\/26\/in-the-image-of-god-he-created-them\/","url":"https:\/\/praytellblog.com\/index.php\/2023\/04\/26\/in-the-image-of-god-he-created-them\/","name":"In the image of God he created them \u2026 - Home","isPartOf":{"@id":"https:\/\/praytellblog.com\/#website"},"primaryImageOfPage":{"@id":"https:\/\/praytellblog.com\/index.php\/2023\/04\/26\/in-the-image-of-god-he-created-them\/#primaryimage"},"image":{"@id":"https:\/\/praytellblog.com\/index.php\/2023\/04\/26\/in-the-image-of-god-he-created-them\/#primaryimage"},"thumbnailUrl":"https:\/\/praytellblog.com\/wp-content\/uploads\/2023\/04\/Maria_Magdalena_berichtet_den_Jungern.jpg","datePublished":"2023-04-26T19:24:43+00:00","dateModified":"2023-05-07T14:03:45+00:00","description":"What \"being a woman\" is has always been and still is decided by men in the Catholic Church \u2013 to the disadvantage of women.","breadcrumb":{"@id":"https:\/\/praytellblog.com\/index.php\/2023\/04\/26\/in-the-image-of-god-he-created-them\/#breadcrumb"},"inLanguage":"en-US","potentialAction":[{"@type":"ReadAction","target":["https:\/\/praytellblog.com\/index.php\/2023\/04\/26\/in-the-image-of-god-he-created-them\/"]}]},{"@type":"ImageObject","inLanguage":"en-US","@id":"https:\/\/praytellblog.com\/index.php\/2023\/04\/26\/in-the-image-of-god-he-created-them\/#primaryimage","url":"https:\/\/praytellblog.com\/wp-content\/uploads\/2023\/04\/Maria_Magdalena_berichtet_den_Jungern.jpg","contentUrl":"https:\/\/praytellblog.com\/wp-content\/uploads\/2023\/04\/Maria_Magdalena_berichtet_den_Jungern.jpg","width":1000,"height":1281,"caption":"Albani Psalter (12th century), Mary Magdalene announces the resurrection of Christ to the disciples."},{"@type":"BreadcrumbList","@id":"https:\/\/praytellblog.com\/index.php\/2023\/04\/26\/in-the-image-of-god-he-created-them\/#breadcrumb","itemListElement":[{"@type":"ListItem","position":1,"name":"Home","item":"https:\/\/praytellblog.com\/"},{"@type":"ListItem","position":2,"name":"In the image of God he created them \u2026"}]},{"@type":"WebSite","@id":"https:\/\/praytellblog.com\/#website","url":"https:\/\/praytellblog.com\/","name":"Home","description":"Worship, Wit &amp; Wisdom","publisher":{"@id":"https:\/\/praytellblog.com\/#organization"},"potentialAction":[{"@type":"SearchAction","target":{"@type":"EntryPoint","urlTemplate":"https:\/\/praytellblog.com\/?s={search_term_string}"},"query-input":{"@type":"PropertyValueSpecification","valueRequired":true,"valueName":"search_term_string"}}],"inLanguage":"en-US"},{"@type":"Organization","@id":"https:\/\/praytellblog.com\/#organization","name":"Home","url":"https:\/\/praytellblog.com\/","logo":{"@type":"ImageObject","inLanguage":"en-US","@id":"https:\/\/praytellblog.com\/#\/schema\/logo\/image\/","url":"https:\/\/praytellblog.com\/wp-content\/uploads\/2023\/09\/cropped-BlogHeaderFinal2.jpg","contentUrl":"https:\/\/praytellblog.com\/wp-content\/uploads\/2023\/09\/cropped-BlogHeaderFinal2.jpg","width":1340,"height":209,"caption":"Home"},"image":{"@id":"https:\/\/praytellblog.com\/#\/schema\/logo\/image\/"}},{"@type":"Person","@id":"https:\/\/praytellblog.com\/#\/schema\/person\/1760d737ccf56b94f15c8566fb94005d","name":"Ingrid Fischer","image":{"@type":"ImageObject","inLanguage":"en-US","@id":"https:\/\/praytellblog.com\/wp-content\/uploads\/2022\/10\/IF-1-96x96.png","url":"https:\/\/praytellblog.com\/wp-content\/uploads\/2022\/10\/IF-1-96x96.png","contentUrl":"https:\/\/praytellblog.com\/wp-content\/uploads\/2022\/10\/IF-1-96x96.png","caption":"Ingrid Fischer"},"description":"Ingrid Fischer has studied psychology and human biology as well as theology (liturgical studies) in Vienna, with a doctoral dissertation on \u201cThe Liturgy of the Three Days before Easter.\u201d Since 2001 she has been a member of the scholarly-pedagogical team of the THEOLOGISCHE KURSE (the oldest institution of theological adult education in the German-speaking world) teaching liturgical studies and church history. Her main concern is to understand the development of liturgical expressions past and present, which is foundational for a mature faith. As program director of the AKADEMIE am DOM, she wants to bring people and convictions closer together \u2013 in a catholic manner which is respectful of those who think differently.","url":"https:\/\/praytellblog.com\/index.php\/author\/ifischer\/"}]}},"jetpack_sharing_enabled":true,"jetpack_likes_enabled":true,"jetpack_featured_media_url":"https:\/\/praytellblog.com\/wp-content\/uploads\/2023\/04\/Maria_Magdalena_berichtet_den_Jungern.jpg","_links":{"self":[{"href":"https:\/\/praytellblog.com\/index.php\/wp-json\/wp\/v2\/posts\/61731","targetHints":{"allow":["GET"]}}],"collection":[{"href":"https:\/\/praytellblog.com\/index.php\/wp-json\/wp\/v2\/posts"}],"about":[{"href":"https:\/\/praytellblog.com\/index.php\/wp-json\/wp\/v2\/types\/post"}],"author":[{"embeddable":true,"href":"https:\/\/praytellblog.com\/index.php\/wp-json\/wp\/v2\/users\/104"}],"replies":[{"embeddable":true,"href":"https:\/\/praytellblog.com\/index.php\/wp-json\/wp\/v2\/comments?post=61731"}],"version-history":[{"count":2,"href":"https:\/\/praytellblog.com\/index.php\/wp-json\/wp\/v2\/posts\/61731\/revisions"}],"predecessor-version":[{"id":61734,"href":"https:\/\/praytellblog.com\/index.php\/wp-json\/wp\/v2\/posts\/61731\/revisions\/61734"}],"wp:featuredmedia":[{"embeddable":true,"href":"https:\/\/praytellblog.com\/index.php\/wp-json\/wp\/v2\/media\/61732"}],"wp:attachment":[{"href":"https:\/\/praytellblog.com\/index.php\/wp-json\/wp\/v2\/media?parent=61731"}],"wp:term":[{"taxonomy":"category","embeddable":true,"href":"https:\/\/praytellblog.com\/index.php\/wp-json\/wp\/v2\/categories?post=61731"},{"taxonomy":"post_tag","embeddable":true,"href":"https:\/\/praytellblog.com\/index.php\/wp-json\/wp\/v2\/tags?post=61731"}],"curies":[{"name":"wp","href":"https:\/\/api.w.org\/{rel}","templated":true}]}}