{"id":38773,"date":"2017-11-13T00:00:24","date_gmt":"2017-11-13T06:00:24","guid":{"rendered":"https:\/\/praytellblog.com\/?p=38773"},"modified":"2017-11-17T11:19:18","modified_gmt":"2017-11-17T17:19:18","slug":"the-struggling-catholic-millennial-over-correcting-popular-piety","status":"publish","type":"post","link":"https:\/\/praytellblog.com\/index.php\/2017\/11\/13\/the-struggling-catholic-millennial-over-correcting-popular-piety\/","title":{"rendered":"<em>The Struggling Catholic Millennial:<\/em> Over-Correcting Popular Piety"},"content":{"rendered":"<p>The more time I spend in the Catholic Church and the more time I spend speaking with different Catholics, I find that there are more ways to celebrate our faith than I would have ever imagined.\u00a0I think this is one of the most beautiful\u00a0parts of the faith and fully believe that people should celebrate their faith in any way that brings them closer to God.<\/p>\n<p>Even though I say that and fully believe it, I find myself\u00a0trying to practice my Catholic faith in ways that won&#8217;t lead to me being confused with other Christians and even other Catholics.\u00a0When I&#8217;m with my secular friends I choose my words very carefully to make sure they don&#8217;t get my faith confused with the faith of people who go completely against science. Even in my faith practices, I try to pray in ways that don&#8217;t make me look overly pious in my actions so people don&#8217;t confuse me with other overly pious Catholics.<\/p>\n<p>How do I find ways to practice my Catholic faith, then? I can tell you it&#8217;s a struggle. I see many young people practice this overly\u00a0pious Catholicism that often seems so unwelcoming that I try to avoid doing anything that resembles it in the slightest. Obviously, that is a slippery\u00a0slope and can lead to ill-conceived judgments of people and a break from my Catholic identity.<\/p>\n<p>So what should I do? I have been spending so much time trying to avoid being put in the same category as biblical fundamentalists Christians and overly pious Catholics, that I&#8217;m struggling to find a way to practice my faith that works for me.<\/p>\n<p>I think I, as well as other struggling\u00a0Catholics, first need to know it is okay to struggle with our faith and we should constantly be struggling with how to deepen our relationship with God. Secondly, I believe that we must find that fine line between popular piety and practicing the faith we believe to be true. Somewhere in there is a place where we can be authentic with our relationship with God and our practices aren&#8217;t just a thing we do. My faith should no longer be a response to someone else&#8217;s, but a response to my relationship with God.<\/p>\n<p>I would love to hear how other people have found that place I am struggling to find. Go ahead and share your experience in the comments below.<\/p>\n","protected":false},"excerpt":{"rendered":"<p>I have been spending so much time trying to avoid being put in the same category as biblical fundamentalists Christians and overly pious Catholics, I&#8217;m struggling to find a way to practice my faith that works for me.<\/p>\n","protected":false},"author":72,"featured_media":38820,"comment_status":"open","ping_status":"open","sticky":false,"template":"","format":"standard","meta":{"_jetpack_memberships_contains_paid_content":false,"footnotes":""},"categories":[3119,3086,379],"tags":[2984,66],"class_list":["post-38773","post","type-post","status-publish","format-standard","has-post-thumbnail","hentry","category-the-plaza-new-ws","category-popular-piety","category-young-adults","tag-catholicism","tag-popular-piety"],"yoast_head":"<!-- This site is optimized with the Yoast SEO plugin v27.5 - https:\/\/yoast.com\/product\/yoast-seo-wordpress\/ -->\n<title>The Struggling Catholic Millennial: Over-Correcting Popular Piety - Home<\/title>\n<meta name=\"robots\" content=\"index, follow, max-snippet:-1, max-image-preview:large, max-video-preview:-1\" \/>\n<link rel=\"canonical\" href=\"https:\/\/praytellblog.com\/index.php\/2017\/11\/13\/the-struggling-catholic-millennial-over-correcting-popular-piety\/\" \/>\n<meta property=\"og:locale\" content=\"en_US\" \/>\n<meta property=\"og:type\" content=\"article\" \/>\n<meta property=\"og:title\" content=\"The Struggling Catholic Millennial: Over-Correcting Popular Piety - Home\" \/>\n<meta property=\"og:description\" content=\"I have been spending so much time trying to avoid being put in the same category as biblical fundamentalists Christians and overly pious Catholics, I&#039;m struggling to find a way to practice my faith that works for me.\" \/>\n<meta property=\"og:url\" content=\"https:\/\/praytellblog.com\/index.php\/2017\/11\/13\/the-struggling-catholic-millennial-over-correcting-popular-piety\/\" \/>\n<meta property=\"og:site_name\" content=\"Home\" \/>\n<meta property=\"article:published_time\" content=\"2017-11-13T06:00:24+00:00\" \/>\n<meta property=\"article:modified_time\" content=\"2017-11-17T17:19:18+00:00\" \/>\n<meta property=\"og:image\" content=\"https:\/\/praytellblog.com\/wp-content\/uploads\/2017\/10\/Ramsowo_ko\u015bci\u00f3\u0142_modlitwa.jpg\" \/>\n\t<meta property=\"og:image:width\" content=\"1000\" \/>\n\t<meta property=\"og:image:height\" content=\"640\" \/>\n\t<meta property=\"og:image:type\" content=\"image\/jpeg\" \/>\n<meta name=\"author\" content=\"Matthew Nelson\" \/>\n<meta name=\"twitter:card\" content=\"summary_large_image\" \/>\n<meta name=\"twitter:label1\" content=\"Written by\" \/>\n\t<meta name=\"twitter:data1\" content=\"Matthew Nelson\" \/>\n\t<meta name=\"twitter:label2\" content=\"Est. reading time\" \/>\n\t<meta name=\"twitter:data2\" content=\"2 minutes\" \/>\n<script type=\"application\/ld+json\" class=\"yoast-schema-graph\">{\"@context\":\"https:\\\/\\\/schema.org\",\"@graph\":[{\"@type\":\"Article\",\"@id\":\"https:\\\/\\\/praytellblog.com\\\/index.php\\\/2017\\\/11\\\/13\\\/the-struggling-catholic-millennial-over-correcting-popular-piety\\\/#article\",\"isPartOf\":{\"@id\":\"https:\\\/\\\/praytellblog.com\\\/index.php\\\/2017\\\/11\\\/13\\\/the-struggling-catholic-millennial-over-correcting-popular-piety\\\/\"},\"author\":{\"name\":\"Matthew Nelson\",\"@id\":\"https:\\\/\\\/praytellblog.com\\\/#\\\/schema\\\/person\\\/3c75c226d98a3f553ffa86c6f754bc73\"},\"headline\":\"The Struggling Catholic Millennial: Over-Correcting Popular Piety\",\"datePublished\":\"2017-11-13T06:00:24+00:00\",\"dateModified\":\"2017-11-17T17:19:18+00:00\",\"mainEntityOfPage\":{\"@id\":\"https:\\\/\\\/praytellblog.com\\\/index.php\\\/2017\\\/11\\\/13\\\/the-struggling-catholic-millennial-over-correcting-popular-piety\\\/\"},\"wordCount\":418,\"commentCount\":23,\"publisher\":{\"@id\":\"https:\\\/\\\/praytellblog.com\\\/#organization\"},\"image\":{\"@id\":\"https:\\\/\\\/praytellblog.com\\\/index.php\\\/2017\\\/11\\\/13\\\/the-struggling-catholic-millennial-over-correcting-popular-piety\\\/#primaryimage\"},\"thumbnailUrl\":\"https:\\\/\\\/praytellblog.com\\\/wp-content\\\/uploads\\\/2017\\\/10\\\/Ramsowo_ko\u015bci\u00f3\u0142_modlitwa.jpg\",\"keywords\":[\"Catholicism\",\"popular piety\"],\"articleSection\":[\"4_THE PLAZA\",\"Popular Piety\",\"Young Adults\"],\"inLanguage\":\"en-US\",\"potentialAction\":[{\"@type\":\"CommentAction\",\"name\":\"Comment\",\"target\":[\"https:\\\/\\\/praytellblog.com\\\/index.php\\\/2017\\\/11\\\/13\\\/the-struggling-catholic-millennial-over-correcting-popular-piety\\\/#respond\"]}]},{\"@type\":\"WebPage\",\"@id\":\"https:\\\/\\\/praytellblog.com\\\/index.php\\\/2017\\\/11\\\/13\\\/the-struggling-catholic-millennial-over-correcting-popular-piety\\\/\",\"url\":\"https:\\\/\\\/praytellblog.com\\\/index.php\\\/2017\\\/11\\\/13\\\/the-struggling-catholic-millennial-over-correcting-popular-piety\\\/\",\"name\":\"The Struggling Catholic Millennial: Over-Correcting Popular Piety - Home\",\"isPartOf\":{\"@id\":\"https:\\\/\\\/praytellblog.com\\\/#website\"},\"primaryImageOfPage\":{\"@id\":\"https:\\\/\\\/praytellblog.com\\\/index.php\\\/2017\\\/11\\\/13\\\/the-struggling-catholic-millennial-over-correcting-popular-piety\\\/#primaryimage\"},\"image\":{\"@id\":\"https:\\\/\\\/praytellblog.com\\\/index.php\\\/2017\\\/11\\\/13\\\/the-struggling-catholic-millennial-over-correcting-popular-piety\\\/#primaryimage\"},\"thumbnailUrl\":\"https:\\\/\\\/praytellblog.com\\\/wp-content\\\/uploads\\\/2017\\\/10\\\/Ramsowo_ko\u015bci\u00f3\u0142_modlitwa.jpg\",\"datePublished\":\"2017-11-13T06:00:24+00:00\",\"dateModified\":\"2017-11-17T17:19:18+00:00\",\"breadcrumb\":{\"@id\":\"https:\\\/\\\/praytellblog.com\\\/index.php\\\/2017\\\/11\\\/13\\\/the-struggling-catholic-millennial-over-correcting-popular-piety\\\/#breadcrumb\"},\"inLanguage\":\"en-US\",\"potentialAction\":[{\"@type\":\"ReadAction\",\"target\":[\"https:\\\/\\\/praytellblog.com\\\/index.php\\\/2017\\\/11\\\/13\\\/the-struggling-catholic-millennial-over-correcting-popular-piety\\\/\"]}]},{\"@type\":\"ImageObject\",\"inLanguage\":\"en-US\",\"@id\":\"https:\\\/\\\/praytellblog.com\\\/index.php\\\/2017\\\/11\\\/13\\\/the-struggling-catholic-millennial-over-correcting-popular-piety\\\/#primaryimage\",\"url\":\"https:\\\/\\\/praytellblog.com\\\/wp-content\\\/uploads\\\/2017\\\/10\\\/Ramsowo_ko\u015bci\u00f3\u0142_modlitwa.jpg\",\"contentUrl\":\"https:\\\/\\\/praytellblog.com\\\/wp-content\\\/uploads\\\/2017\\\/10\\\/Ramsowo_ko\u015bci\u00f3\u0142_modlitwa.jpg\",\"width\":1000,\"height\":640},{\"@type\":\"BreadcrumbList\",\"@id\":\"https:\\\/\\\/praytellblog.com\\\/index.php\\\/2017\\\/11\\\/13\\\/the-struggling-catholic-millennial-over-correcting-popular-piety\\\/#breadcrumb\",\"itemListElement\":[{\"@type\":\"ListItem\",\"position\":1,\"name\":\"Home\",\"item\":\"https:\\\/\\\/praytellblog.com\\\/\"},{\"@type\":\"ListItem\",\"position\":2,\"name\":\"The Struggling Catholic Millennial: Over-Correcting Popular Piety\"}]},{\"@type\":\"WebSite\",\"@id\":\"https:\\\/\\\/praytellblog.com\\\/#website\",\"url\":\"https:\\\/\\\/praytellblog.com\\\/\",\"name\":\"Home\",\"description\":\"Worship, Wit &amp; Wisdom\",\"publisher\":{\"@id\":\"https:\\\/\\\/praytellblog.com\\\/#organization\"},\"potentialAction\":[{\"@type\":\"SearchAction\",\"target\":{\"@type\":\"EntryPoint\",\"urlTemplate\":\"https:\\\/\\\/praytellblog.com\\\/?s={search_term_string}\"},\"query-input\":{\"@type\":\"PropertyValueSpecification\",\"valueRequired\":true,\"valueName\":\"search_term_string\"}}],\"inLanguage\":\"en-US\"},{\"@type\":\"Organization\",\"@id\":\"https:\\\/\\\/praytellblog.com\\\/#organization\",\"name\":\"Home\",\"url\":\"https:\\\/\\\/praytellblog.com\\\/\",\"logo\":{\"@type\":\"ImageObject\",\"inLanguage\":\"en-US\",\"@id\":\"https:\\\/\\\/praytellblog.com\\\/#\\\/schema\\\/logo\\\/image\\\/\",\"url\":\"https:\\\/\\\/praytellblog.com\\\/wp-content\\\/uploads\\\/2023\\\/09\\\/cropped-BlogHeaderFinal2.jpg\",\"contentUrl\":\"https:\\\/\\\/praytellblog.com\\\/wp-content\\\/uploads\\\/2023\\\/09\\\/cropped-BlogHeaderFinal2.jpg\",\"width\":1340,\"height\":209,\"caption\":\"Home\"},\"image\":{\"@id\":\"https:\\\/\\\/praytellblog.com\\\/#\\\/schema\\\/logo\\\/image\\\/\"}},{\"@type\":\"Person\",\"@id\":\"https:\\\/\\\/praytellblog.com\\\/#\\\/schema\\\/person\\\/3c75c226d98a3f553ffa86c6f754bc73\",\"name\":\"Matthew Nelson\",\"image\":{\"@type\":\"ImageObject\",\"inLanguage\":\"en-US\",\"@id\":\"https:\\\/\\\/praytellblog.com\\\/wp-content\\\/uploads\\\/2020\\\/08\\\/Staff-Picture-2020-2021-96x96.jpg\",\"url\":\"https:\\\/\\\/praytellblog.com\\\/wp-content\\\/uploads\\\/2020\\\/08\\\/Staff-Picture-2020-2021-96x96.jpg\",\"contentUrl\":\"https:\\\/\\\/praytellblog.com\\\/wp-content\\\/uploads\\\/2020\\\/08\\\/Staff-Picture-2020-2021-96x96.jpg\",\"caption\":\"Matthew Nelson\"},\"description\":\"Matthew is a graduate from St. John\u2019s School of Theology and Seminary, with a Master of Theological Studies with a focus on systematics. Currently, Matt is a high school campus minister and theology teacher in Portland, Oregon.\",\"url\":\"https:\\\/\\\/praytellblog.com\\\/index.php\\\/author\\\/mnelson\\\/\"}]}<\/script>\n<!-- \/ Yoast SEO plugin. -->","yoast_head_json":{"title":"The Struggling Catholic Millennial: Over-Correcting Popular Piety - Home","robots":{"index":"index","follow":"follow","max-snippet":"max-snippet:-1","max-image-preview":"max-image-preview:large","max-video-preview":"max-video-preview:-1"},"canonical":"https:\/\/praytellblog.com\/index.php\/2017\/11\/13\/the-struggling-catholic-millennial-over-correcting-popular-piety\/","og_locale":"en_US","og_type":"article","og_title":"The Struggling Catholic Millennial: Over-Correcting Popular Piety - Home","og_description":"I have been spending so much time trying to avoid being put in the same category as biblical fundamentalists Christians and overly pious Catholics, I'm struggling to find a way to practice my faith that works for me.","og_url":"https:\/\/praytellblog.com\/index.php\/2017\/11\/13\/the-struggling-catholic-millennial-over-correcting-popular-piety\/","og_site_name":"Home","article_published_time":"2017-11-13T06:00:24+00:00","article_modified_time":"2017-11-17T17:19:18+00:00","og_image":[{"width":1000,"height":640,"url":"https:\/\/praytellblog.com\/wp-content\/uploads\/2017\/10\/Ramsowo_ko\u015bci\u00f3\u0142_modlitwa.jpg","type":"image\/jpeg"}],"author":"Matthew Nelson","twitter_card":"summary_large_image","twitter_misc":{"Written by":"Matthew Nelson","Est. reading time":"2 minutes"},"schema":{"@context":"https:\/\/schema.org","@graph":[{"@type":"Article","@id":"https:\/\/praytellblog.com\/index.php\/2017\/11\/13\/the-struggling-catholic-millennial-over-correcting-popular-piety\/#article","isPartOf":{"@id":"https:\/\/praytellblog.com\/index.php\/2017\/11\/13\/the-struggling-catholic-millennial-over-correcting-popular-piety\/"},"author":{"name":"Matthew Nelson","@id":"https:\/\/praytellblog.com\/#\/schema\/person\/3c75c226d98a3f553ffa86c6f754bc73"},"headline":"The Struggling Catholic Millennial: Over-Correcting Popular Piety","datePublished":"2017-11-13T06:00:24+00:00","dateModified":"2017-11-17T17:19:18+00:00","mainEntityOfPage":{"@id":"https:\/\/praytellblog.com\/index.php\/2017\/11\/13\/the-struggling-catholic-millennial-over-correcting-popular-piety\/"},"wordCount":418,"commentCount":23,"publisher":{"@id":"https:\/\/praytellblog.com\/#organization"},"image":{"@id":"https:\/\/praytellblog.com\/index.php\/2017\/11\/13\/the-struggling-catholic-millennial-over-correcting-popular-piety\/#primaryimage"},"thumbnailUrl":"https:\/\/praytellblog.com\/wp-content\/uploads\/2017\/10\/Ramsowo_ko\u015bci\u00f3\u0142_modlitwa.jpg","keywords":["Catholicism","popular piety"],"articleSection":["4_THE PLAZA","Popular Piety","Young Adults"],"inLanguage":"en-US","potentialAction":[{"@type":"CommentAction","name":"Comment","target":["https:\/\/praytellblog.com\/index.php\/2017\/11\/13\/the-struggling-catholic-millennial-over-correcting-popular-piety\/#respond"]}]},{"@type":"WebPage","@id":"https:\/\/praytellblog.com\/index.php\/2017\/11\/13\/the-struggling-catholic-millennial-over-correcting-popular-piety\/","url":"https:\/\/praytellblog.com\/index.php\/2017\/11\/13\/the-struggling-catholic-millennial-over-correcting-popular-piety\/","name":"The Struggling Catholic Millennial: Over-Correcting Popular Piety - Home","isPartOf":{"@id":"https:\/\/praytellblog.com\/#website"},"primaryImageOfPage":{"@id":"https:\/\/praytellblog.com\/index.php\/2017\/11\/13\/the-struggling-catholic-millennial-over-correcting-popular-piety\/#primaryimage"},"image":{"@id":"https:\/\/praytellblog.com\/index.php\/2017\/11\/13\/the-struggling-catholic-millennial-over-correcting-popular-piety\/#primaryimage"},"thumbnailUrl":"https:\/\/praytellblog.com\/wp-content\/uploads\/2017\/10\/Ramsowo_ko\u015bci\u00f3\u0142_modlitwa.jpg","datePublished":"2017-11-13T06:00:24+00:00","dateModified":"2017-11-17T17:19:18+00:00","breadcrumb":{"@id":"https:\/\/praytellblog.com\/index.php\/2017\/11\/13\/the-struggling-catholic-millennial-over-correcting-popular-piety\/#breadcrumb"},"inLanguage":"en-US","potentialAction":[{"@type":"ReadAction","target":["https:\/\/praytellblog.com\/index.php\/2017\/11\/13\/the-struggling-catholic-millennial-over-correcting-popular-piety\/"]}]},{"@type":"ImageObject","inLanguage":"en-US","@id":"https:\/\/praytellblog.com\/index.php\/2017\/11\/13\/the-struggling-catholic-millennial-over-correcting-popular-piety\/#primaryimage","url":"https:\/\/praytellblog.com\/wp-content\/uploads\/2017\/10\/Ramsowo_ko\u015bci\u00f3\u0142_modlitwa.jpg","contentUrl":"https:\/\/praytellblog.com\/wp-content\/uploads\/2017\/10\/Ramsowo_ko\u015bci\u00f3\u0142_modlitwa.jpg","width":1000,"height":640},{"@type":"BreadcrumbList","@id":"https:\/\/praytellblog.com\/index.php\/2017\/11\/13\/the-struggling-catholic-millennial-over-correcting-popular-piety\/#breadcrumb","itemListElement":[{"@type":"ListItem","position":1,"name":"Home","item":"https:\/\/praytellblog.com\/"},{"@type":"ListItem","position":2,"name":"The Struggling Catholic Millennial: Over-Correcting Popular Piety"}]},{"@type":"WebSite","@id":"https:\/\/praytellblog.com\/#website","url":"https:\/\/praytellblog.com\/","name":"Home","description":"Worship, Wit &amp; Wisdom","publisher":{"@id":"https:\/\/praytellblog.com\/#organization"},"potentialAction":[{"@type":"SearchAction","target":{"@type":"EntryPoint","urlTemplate":"https:\/\/praytellblog.com\/?s={search_term_string}"},"query-input":{"@type":"PropertyValueSpecification","valueRequired":true,"valueName":"search_term_string"}}],"inLanguage":"en-US"},{"@type":"Organization","@id":"https:\/\/praytellblog.com\/#organization","name":"Home","url":"https:\/\/praytellblog.com\/","logo":{"@type":"ImageObject","inLanguage":"en-US","@id":"https:\/\/praytellblog.com\/#\/schema\/logo\/image\/","url":"https:\/\/praytellblog.com\/wp-content\/uploads\/2023\/09\/cropped-BlogHeaderFinal2.jpg","contentUrl":"https:\/\/praytellblog.com\/wp-content\/uploads\/2023\/09\/cropped-BlogHeaderFinal2.jpg","width":1340,"height":209,"caption":"Home"},"image":{"@id":"https:\/\/praytellblog.com\/#\/schema\/logo\/image\/"}},{"@type":"Person","@id":"https:\/\/praytellblog.com\/#\/schema\/person\/3c75c226d98a3f553ffa86c6f754bc73","name":"Matthew Nelson","image":{"@type":"ImageObject","inLanguage":"en-US","@id":"https:\/\/praytellblog.com\/wp-content\/uploads\/2020\/08\/Staff-Picture-2020-2021-96x96.jpg","url":"https:\/\/praytellblog.com\/wp-content\/uploads\/2020\/08\/Staff-Picture-2020-2021-96x96.jpg","contentUrl":"https:\/\/praytellblog.com\/wp-content\/uploads\/2020\/08\/Staff-Picture-2020-2021-96x96.jpg","caption":"Matthew Nelson"},"description":"Matthew is a graduate from St. John\u2019s School of Theology and Seminary, with a Master of Theological Studies with a focus on systematics. Currently, Matt is a high school campus minister and theology teacher in Portland, Oregon.","url":"https:\/\/praytellblog.com\/index.php\/author\/mnelson\/"}]}},"jetpack_featured_media_url":"https:\/\/praytellblog.com\/wp-content\/uploads\/2017\/10\/Ramsowo_ko\u015bci\u00f3\u0142_modlitwa.jpg","jetpack_sharing_enabled":true,"jetpack_likes_enabled":true,"_links":{"self":[{"href":"https:\/\/praytellblog.com\/index.php\/wp-json\/wp\/v2\/posts\/38773","targetHints":{"allow":["GET"]}}],"collection":[{"href":"https:\/\/praytellblog.com\/index.php\/wp-json\/wp\/v2\/posts"}],"about":[{"href":"https:\/\/praytellblog.com\/index.php\/wp-json\/wp\/v2\/types\/post"}],"author":[{"embeddable":true,"href":"https:\/\/praytellblog.com\/index.php\/wp-json\/wp\/v2\/users\/72"}],"replies":[{"embeddable":true,"href":"https:\/\/praytellblog.com\/index.php\/wp-json\/wp\/v2\/comments?post=38773"}],"version-history":[{"count":11,"href":"https:\/\/praytellblog.com\/index.php\/wp-json\/wp\/v2\/posts\/38773\/revisions"}],"predecessor-version":[{"id":39258,"href":"https:\/\/praytellblog.com\/index.php\/wp-json\/wp\/v2\/posts\/38773\/revisions\/39258"}],"wp:featuredmedia":[{"embeddable":true,"href":"https:\/\/praytellblog.com\/index.php\/wp-json\/wp\/v2\/media\/38820"}],"wp:attachment":[{"href":"https:\/\/praytellblog.com\/index.php\/wp-json\/wp\/v2\/media?parent=38773"}],"wp:term":[{"taxonomy":"category","embeddable":true,"href":"https:\/\/praytellblog.com\/index.php\/wp-json\/wp\/v2\/categories?post=38773"},{"taxonomy":"post_tag","embeddable":true,"href":"https:\/\/praytellblog.com\/index.php\/wp-json\/wp\/v2\/tags?post=38773"}],"curies":[{"name":"wp","href":"https:\/\/api.w.org\/{rel}","templated":true}]}}